{"id":908,"date":"2023-08-29T20:54:23","date_gmt":"2023-08-29T20:54:23","guid":{"rendered":"https:\/\/florina-vilgertshofer.de\/?p=908"},"modified":"2025-08-12T09:05:57","modified_gmt":"2025-08-12T09:05:57","slug":"gesundheitshaus","status":"publish","type":"post","link":"https:\/\/florina-vilgertshofer.de\/?p=908","title":{"rendered":"Antrag: Quo vadis Gesundheitshaus"},"content":{"rendered":"\n<div style=\"height:60px\" aria-hidden=\"true\" class=\"wp-block-spacer\"><\/div>\n\n\n\n<p class=\"has-text-align-right\" style=\"font-size:clamp(14px, 0.875rem + ((1vw - 3.2px) * 0.114), 15px);\">M\u00e4rz 2023<\/p>\n\n\n\n<p style=\"font-size:clamp(18.959px, 1.185rem + ((1vw - 3.2px) * 1.255), 30px);\"><a href=\"https:\/\/risi.muenchen.de\/risi\/dokument\/v\/7839239\"><strong>Antrag: Quo vadis Gesundheitshaus?<\/strong><\/a><\/p>\n\n\n\n<p>Vor gut 3 Jahren zogen die Nutzerinnen und Nutzer in das leerstehende Geb\u00e4ude an der Dachauerstra\u00dfe 90, besser bekannt als Gesundheitshaus. <a href=\"https:\/\/www.instagram.com\/explore\/tags\/muca\/\">Muca<\/a>, die Ateliergemeinschaft <a href=\"https:\/\/www.instagram.com\/explore\/tags\/super\/\">Super<\/a>+ Studios, die Initiativgruppe Interkulturelle Begegnung, <a href=\"https:\/\/www.instagram.com\/explore\/tags\/refugio\/\">Refugio<\/a> e.V und die AmariBar &#8211; sie alle haben hier ein neues zu Hause auf Zeit gefunden. <br><br>Bis Mitte 2026 kann das Geb\u00e4ude nach aktuellem Stand noch genutzt werden &#8211; was danach mit den Kreativen und sozialen Institutionen passiert, ist unklar. Und das, obwohl es derzeit keine \u00f6ffentlichen Planungen zur Zukunft des Hauses gibt. Dass dort 2026 die Bagger anrollen oder neue Nutzer einziehen, ist h\u00f6chst unwahrscheinlich.<br><br>Ich finde: Bis nicht klar ist, wann und wie das Gel\u00e4nde weiter genutzt wird, soll dort eine Nutzung mit den aktuellen Mieter*innen m\u00f6glich sein! Deshalb fordern wir Gr\u00fcnen im BA einen Runden Tisch mit allen Beteiligten, um deren Vorstellungen, W\u00fcnsche und Interessen in eine Weiternutzung einflie\u00dfen zu lassen. Denn Leerstand muss unbedingt vermieden werden! <a href=\"https:\/\/risi.muenchen.de\/risi\/dokument\/v\/7839239\">Hier findest du meinen Antrag im Original.<\/a><\/p>\n\n\n\n<div style=\"height:60px\" aria-hidden=\"true\" class=\"wp-block-spacer\"><\/div>\n","protected":false},"excerpt":{"rendered":"<p>M\u00e4rz 2023 Antrag: Quo vadis Gesundheitshaus? Vor gut 3 Jahren zogen die Nutzerinnen und Nutzer in das leerstehende Geb\u00e4ude an der Dachauerstra\u00dfe 90, besser bekannt als Gesundheitshaus. Muca, die Ateliergemeinschaft [&hellip;]<\/p>\n","protected":false},"author":-1,"featured_media":882,"comment_status":"closed","ping_status":"open","sticky":false,"template":"","format":"standard","meta":{"footnotes":""},"categories":[15,1],"tags":[11,12,9,10],"class_list":["post-908","post","type-post","status-publish","format-standard","has-post-thumbnail","hentry","category-aktuelles","category-bezirksausschuss","tag-bezirksausschuss","tag-kultur","tag-maxvorstadt","tag-zwischennutzung"],"yoast_head":"<!-- This site is optimized with the Yoast SEO plugin v25.7 - https:\/\/yoast.com\/wordpress\/plugins\/seo\/ -->\n<title>Florina Vilgertshofer I Gr\u00fcne Direktkandidatin I Bezirksausschuss<\/title>\n<meta name=\"robots\" content=\"index, follow, max-snippet:-1, max-image-preview:large, max-video-preview:-1\" \/>\n<link rel=\"canonical\" href=\"https:\/\/florina-vilgertshofer.de\/?p=908\" \/>\n<meta property=\"og:locale\" content=\"de_DE\" \/>\n<meta property=\"og:type\" content=\"article\" \/>\n<meta property=\"og:title\" content=\"Florina Vilgertshofer I Gr\u00fcne Direktkandidatin I Bezirksausschuss\" \/>\n<meta property=\"og:description\" content=\"M\u00e4rz 2023 Antrag: Quo vadis Gesundheitshaus? Vor gut 3 Jahren zogen die Nutzerinnen und Nutzer in das leerstehende Geb\u00e4ude an der Dachauerstra\u00dfe 90, besser bekannt als Gesundheitshaus. Muca, die Ateliergemeinschaft [&hellip;]\" \/>\n<meta property=\"og:url\" content=\"https:\/\/florina-vilgertshofer.de\/?p=908\" \/>\n<meta property=\"og:site_name\" content=\"Florina Vilgertshofer\" \/>\n<meta property=\"article:publisher\" content=\"https:\/\/www.facebook.com\/minny.cooper.9\" \/>\n<meta property=\"article:author\" content=\"https:\/\/www.facebook.com\/minny.cooper.9\" \/>\n<meta property=\"article:published_time\" content=\"2023-08-29T20:54:23+00:00\" \/>\n<meta property=\"article:modified_time\" content=\"2025-08-12T09:05:57+00:00\" \/>\n<meta property=\"og:image\" content=\"http:\/\/florina-vilgertshofer.de\/wp-content\/uploads\/2023\/08\/MUCA_Gesundheitshaus-Dachauerstr-90-Maxvorstadt-Muenchen-Zwischennutzung-1020x1024.png\" \/>\n\t<meta property=\"og:image:width\" content=\"1020\" \/>\n\t<meta property=\"og:image:height\" content=\"1024\" \/>\n\t<meta property=\"og:image:type\" content=\"image\/png\" \/>\n<meta name=\"author\" content=\"admin\" \/>\n<meta name=\"twitter:card\" content=\"summary_large_image\" \/>\n<meta name=\"twitter:label1\" content=\"Verfasst von\" \/>\n\t<meta name=\"twitter:data1\" content=\"\" \/>\n\t<meta name=\"twitter:label2\" content=\"Gesch\u00e4tzte Lesezeit\" \/>\n\t<meta name=\"twitter:data2\" content=\"2\u00a0Minuten\" \/>\n<script type=\"application\/ld+json\" class=\"yoast-schema-graph\">{\"@context\":\"https:\/\/schema.org\",\"@graph\":[{\"@type\":\"Article\",\"@id\":\"https:\/\/florina-vilgertshofer.de\/?p=908#article\",\"isPartOf\":{\"@id\":\"https:\/\/florina-vilgertshofer.de\/?p=908\"},\"author\":{\"name\":\"admin\",\"@id\":\"https:\/\/florina-vilgertshofer.de\/#\/schema\/person\/c634068ffbadf5345d5be6795bfe2fe7\"},\"headline\":\"Antrag: Quo vadis Gesundheitshaus\",\"datePublished\":\"2023-08-29T20:54:23+00:00\",\"dateModified\":\"2025-08-12T09:05:57+00:00\",\"mainEntityOfPage\":{\"@id\":\"https:\/\/florina-vilgertshofer.de\/?p=908\"},\"wordCount\":175,\"publisher\":{\"@id\":\"https:\/\/florina-vilgertshofer.de\/#\/schema\/person\/c634068ffbadf5345d5be6795bfe2fe7\"},\"image\":{\"@id\":\"https:\/\/florina-vilgertshofer.de\/?p=908#primaryimage\"},\"thumbnailUrl\":\"https:\/\/florina-vilgertshofer.de\/wp-content\/uploads\/2023\/08\/MUCA_Gesundheitshaus-Dachauerstr-90-Maxvorstadt-Muenchen-Zwischennutzung.png\",\"keywords\":[\"Bezirksausschuss\",\"Kultur\",\"Maxvorstadt\",\"Zwischennutzung\"],\"articleSection\":[\"Aktuelles\",\"Bezirksausschuss\"],\"inLanguage\":\"de\"},{\"@type\":\"WebPage\",\"@id\":\"https:\/\/florina-vilgertshofer.de\/?p=908\",\"url\":\"https:\/\/florina-vilgertshofer.de\/?p=908\",\"name\":\"Florina Vilgertshofer I Gr\u00fcne Direktkandidatin I Bezirksausschuss\",\"isPartOf\":{\"@id\":\"https:\/\/florina-vilgertshofer.de\/#website\"},\"primaryImageOfPage\":{\"@id\":\"https:\/\/florina-vilgertshofer.de\/?p=908#primaryimage\"},\"image\":{\"@id\":\"https:\/\/florina-vilgertshofer.de\/?p=908#primaryimage\"},\"thumbnailUrl\":\"https:\/\/florina-vilgertshofer.de\/wp-content\/uploads\/2023\/08\/MUCA_Gesundheitshaus-Dachauerstr-90-Maxvorstadt-Muenchen-Zwischennutzung.png\",\"datePublished\":\"2023-08-29T20:54:23+00:00\",\"dateModified\":\"2025-08-12T09:05:57+00:00\",\"breadcrumb\":{\"@id\":\"https:\/\/florina-vilgertshofer.de\/?p=908#breadcrumb\"},\"inLanguage\":\"de\",\"potentialAction\":[{\"@type\":\"ReadAction\",\"target\":[\"https:\/\/florina-vilgertshofer.de\/?p=908\"]}]},{\"@type\":\"ImageObject\",\"inLanguage\":\"de\",\"@id\":\"https:\/\/florina-vilgertshofer.de\/?p=908#primaryimage\",\"url\":\"https:\/\/florina-vilgertshofer.de\/wp-content\/uploads\/2023\/08\/MUCA_Gesundheitshaus-Dachauerstr-90-Maxvorstadt-Muenchen-Zwischennutzung.png\",\"contentUrl\":\"https:\/\/florina-vilgertshofer.de\/wp-content\/uploads\/2023\/08\/MUCA_Gesundheitshaus-Dachauerstr-90-Maxvorstadt-Muenchen-Zwischennutzung.png\",\"width\":1386,\"height\":1391},{\"@type\":\"BreadcrumbList\",\"@id\":\"https:\/\/florina-vilgertshofer.de\/?p=908#breadcrumb\",\"itemListElement\":[{\"@type\":\"ListItem\",\"position\":1,\"name\":\"Startseite\",\"item\":\"https:\/\/florina-vilgertshofer.de\/\"},{\"@type\":\"ListItem\",\"position\":2,\"name\":\"Antrag: Quo vadis Gesundheitshaus\"}]},{\"@type\":\"WebSite\",\"@id\":\"https:\/\/florina-vilgertshofer.de\/#website\",\"url\":\"https:\/\/florina-vilgertshofer.de\/\",\"name\":\"Florina Vilgertshofer\",\"description\":\"Bezirksr\u00e4tin I Kulturpolitikerin\",\"publisher\":{\"@id\":\"https:\/\/florina-vilgertshofer.de\/#\/schema\/person\/c634068ffbadf5345d5be6795bfe2fe7\"},\"alternateName\":\"Fina Vilgertshofer\",\"potentialAction\":[{\"@type\":\"SearchAction\",\"target\":{\"@type\":\"EntryPoint\",\"urlTemplate\":\"https:\/\/florina-vilgertshofer.de\/?s={search_term_string}\"},\"query-input\":{\"@type\":\"PropertyValueSpecification\",\"valueRequired\":true,\"valueName\":\"search_term_string\"}}],\"inLanguage\":\"de\"},{\"@type\":[\"Person\",\"Organization\"],\"@id\":\"https:\/\/florina-vilgertshofer.de\/#\/schema\/person\/c634068ffbadf5345d5be6795bfe2fe7\",\"name\":\"admin\",\"image\":{\"@type\":\"ImageObject\",\"inLanguage\":\"de\",\"@id\":\"https:\/\/florina-vilgertshofer.de\/#\/schema\/person\/image\/\",\"url\":\"http:\/\/florina-vilgertshofer.de\/wp-content\/uploads\/2023\/02\/florina-vilgertshofer-gruene-muenchen-schwabing-kandidatin-bezirkstag_breit-scaled.jpg\",\"contentUrl\":\"http:\/\/florina-vilgertshofer.de\/wp-content\/uploads\/2023\/02\/florina-vilgertshofer-gruene-muenchen-schwabing-kandidatin-bezirkstag_breit-scaled.jpg\",\"width\":2560,\"height\":1209,\"caption\":\"admin\"},\"logo\":{\"@id\":\"https:\/\/florina-vilgertshofer.de\/#\/schema\/person\/image\/\"},\"sameAs\":[\"http:\/\/florina-vilgertshofer.de\",\"https:\/\/www.facebook.com\/minny.cooper.9\",\"https:\/\/www.instagram.com\/finafinch\/\",\"https:\/\/www.linkedin.com\/in\/florina-fina-vilgertshofer-a5320093\/\"],\"url\":\"https:\/\/florina-vilgertshofer.de\/?author=1\"}]}<\/script>\n<!-- \/ Yoast SEO plugin. -->","yoast_head_json":{"title":"Florina Vilgertshofer I Gr\u00fcne Direktkandidatin I Bezirksausschuss","robots":{"index":"index","follow":"follow","max-snippet":"max-snippet:-1","max-image-preview":"max-image-preview:large","max-video-preview":"max-video-preview:-1"},"canonical":"https:\/\/florina-vilgertshofer.de\/?p=908","og_locale":"de_DE","og_type":"article","og_title":"Florina Vilgertshofer I Gr\u00fcne Direktkandidatin I Bezirksausschuss","og_description":"M\u00e4rz 2023 Antrag: Quo vadis Gesundheitshaus? Vor gut 3 Jahren zogen die Nutzerinnen und Nutzer in das leerstehende Geb\u00e4ude an der Dachauerstra\u00dfe 90, besser bekannt als Gesundheitshaus. Muca, die Ateliergemeinschaft [&hellip;]","og_url":"https:\/\/florina-vilgertshofer.de\/?p=908","og_site_name":"Florina Vilgertshofer","article_publisher":"https:\/\/www.facebook.com\/minny.cooper.9","article_author":"https:\/\/www.facebook.com\/minny.cooper.9","article_published_time":"2023-08-29T20:54:23+00:00","article_modified_time":"2025-08-12T09:05:57+00:00","og_image":[{"width":1020,"height":1024,"url":"http:\/\/florina-vilgertshofer.de\/wp-content\/uploads\/2023\/08\/MUCA_Gesundheitshaus-Dachauerstr-90-Maxvorstadt-Muenchen-Zwischennutzung-1020x1024.png","type":"image\/png"}],"author":"admin","twitter_card":"summary_large_image","twitter_misc":{"Verfasst von":false,"Gesch\u00e4tzte Lesezeit":"2\u00a0Minuten"},"schema":{"@context":"https:\/\/schema.org","@graph":[{"@type":"Article","@id":"https:\/\/florina-vilgertshofer.de\/?p=908#article","isPartOf":{"@id":"https:\/\/florina-vilgertshofer.de\/?p=908"},"author":{"name":"admin","@id":"https:\/\/florina-vilgertshofer.de\/#\/schema\/person\/c634068ffbadf5345d5be6795bfe2fe7"},"headline":"Antrag: Quo vadis Gesundheitshaus","datePublished":"2023-08-29T20:54:23+00:00","dateModified":"2025-08-12T09:05:57+00:00","mainEntityOfPage":{"@id":"https:\/\/florina-vilgertshofer.de\/?p=908"},"wordCount":175,"publisher":{"@id":"https:\/\/florina-vilgertshofer.de\/#\/schema\/person\/c634068ffbadf5345d5be6795bfe2fe7"},"image":{"@id":"https:\/\/florina-vilgertshofer.de\/?p=908#primaryimage"},"thumbnailUrl":"https:\/\/florina-vilgertshofer.de\/wp-content\/uploads\/2023\/08\/MUCA_Gesundheitshaus-Dachauerstr-90-Maxvorstadt-Muenchen-Zwischennutzung.png","keywords":["Bezirksausschuss","Kultur","Maxvorstadt","Zwischennutzung"],"articleSection":["Aktuelles","Bezirksausschuss"],"inLanguage":"de"},{"@type":"WebPage","@id":"https:\/\/florina-vilgertshofer.de\/?p=908","url":"https:\/\/florina-vilgertshofer.de\/?p=908","name":"Florina Vilgertshofer I Gr\u00fcne Direktkandidatin I Bezirksausschuss","isPartOf":{"@id":"https:\/\/florina-vilgertshofer.de\/#website"},"primaryImageOfPage":{"@id":"https:\/\/florina-vilgertshofer.de\/?p=908#primaryimage"},"image":{"@id":"https:\/\/florina-vilgertshofer.de\/?p=908#primaryimage"},"thumbnailUrl":"https:\/\/florina-vilgertshofer.de\/wp-content\/uploads\/2023\/08\/MUCA_Gesundheitshaus-Dachauerstr-90-Maxvorstadt-Muenchen-Zwischennutzung.png","datePublished":"2023-08-29T20:54:23+00:00","dateModified":"2025-08-12T09:05:57+00:00","breadcrumb":{"@id":"https:\/\/florina-vilgertshofer.de\/?p=908#breadcrumb"},"inLanguage":"de","potentialAction":[{"@type":"ReadAction","target":["https:\/\/florina-vilgertshofer.de\/?p=908"]}]},{"@type":"ImageObject","inLanguage":"de","@id":"https:\/\/florina-vilgertshofer.de\/?p=908#primaryimage","url":"https:\/\/florina-vilgertshofer.de\/wp-content\/uploads\/2023\/08\/MUCA_Gesundheitshaus-Dachauerstr-90-Maxvorstadt-Muenchen-Zwischennutzung.png","contentUrl":"https:\/\/florina-vilgertshofer.de\/wp-content\/uploads\/2023\/08\/MUCA_Gesundheitshaus-Dachauerstr-90-Maxvorstadt-Muenchen-Zwischennutzung.png","width":1386,"height":1391},{"@type":"BreadcrumbList","@id":"https:\/\/florina-vilgertshofer.de\/?p=908#breadcrumb","itemListElement":[{"@type":"ListItem","position":1,"name":"Startseite","item":"https:\/\/florina-vilgertshofer.de\/"},{"@type":"ListItem","position":2,"name":"Antrag: Quo vadis Gesundheitshaus"}]},{"@type":"WebSite","@id":"https:\/\/florina-vilgertshofer.de\/#website","url":"https:\/\/florina-vilgertshofer.de\/","name":"Florina Vilgertshofer","description":"Bezirksr\u00e4tin I Kulturpolitikerin","publisher":{"@id":"https:\/\/florina-vilgertshofer.de\/#\/schema\/person\/c634068ffbadf5345d5be6795bfe2fe7"},"alternateName":"Fina Vilgertshofer","potentialAction":[{"@type":"SearchAction","target":{"@type":"EntryPoint","urlTemplate":"https:\/\/florina-vilgertshofer.de\/?s={search_term_string}"},"query-input":{"@type":"PropertyValueSpecification","valueRequired":true,"valueName":"search_term_string"}}],"inLanguage":"de"},{"@type":["Person","Organization"],"@id":"https:\/\/florina-vilgertshofer.de\/#\/schema\/person\/c634068ffbadf5345d5be6795bfe2fe7","name":"admin","image":{"@type":"ImageObject","inLanguage":"de","@id":"https:\/\/florina-vilgertshofer.de\/#\/schema\/person\/image\/","url":"http:\/\/florina-vilgertshofer.de\/wp-content\/uploads\/2023\/02\/florina-vilgertshofer-gruene-muenchen-schwabing-kandidatin-bezirkstag_breit-scaled.jpg","contentUrl":"http:\/\/florina-vilgertshofer.de\/wp-content\/uploads\/2023\/02\/florina-vilgertshofer-gruene-muenchen-schwabing-kandidatin-bezirkstag_breit-scaled.jpg","width":2560,"height":1209,"caption":"admin"},"logo":{"@id":"https:\/\/florina-vilgertshofer.de\/#\/schema\/person\/image\/"},"sameAs":["http:\/\/florina-vilgertshofer.de","https:\/\/www.facebook.com\/minny.cooper.9","https:\/\/www.instagram.com\/finafinch\/","https:\/\/www.linkedin.com\/in\/florina-fina-vilgertshofer-a5320093\/"],"url":"https:\/\/florina-vilgertshofer.de\/?author=1"}]}},"_links":{"self":[{"href":"https:\/\/florina-vilgertshofer.de\/index.php?rest_route=\/wp\/v2\/posts\/908","targetHints":{"allow":["GET"]}}],"collection":[{"href":"https:\/\/florina-vilgertshofer.de\/index.php?rest_route=\/wp\/v2\/posts"}],"about":[{"href":"https:\/\/florina-vilgertshofer.de\/index.php?rest_route=\/wp\/v2\/types\/post"}],"author":[{"embeddable":true,"href":"https:\/\/florina-vilgertshofer.de\/index.php?rest_route=\/wp\/v2\/users\/1"}],"replies":[{"embeddable":true,"href":"https:\/\/florina-vilgertshofer.de\/index.php?rest_route=%2Fwp%2Fv2%2Fcomments&post=908"}],"version-history":[{"count":27,"href":"https:\/\/florina-vilgertshofer.de\/index.php?rest_route=\/wp\/v2\/posts\/908\/revisions"}],"predecessor-version":[{"id":997,"href":"https:\/\/florina-vilgertshofer.de\/index.php?rest_route=\/wp\/v2\/posts\/908\/revisions\/997"}],"wp:featuredmedia":[{"embeddable":true,"href":"https:\/\/florina-vilgertshofer.de\/index.php?rest_route=\/wp\/v2\/media\/882"}],"wp:attachment":[{"href":"https:\/\/florina-vilgertshofer.de\/index.php?rest_route=%2Fwp%2Fv2%2Fmedia&parent=908"}],"wp:term":[{"taxonomy":"category","embeddable":true,"href":"https:\/\/florina-vilgertshofer.de\/index.php?rest_route=%2Fwp%2Fv2%2Fcategories&post=908"},{"taxonomy":"post_tag","embeddable":true,"href":"https:\/\/florina-vilgertshofer.de\/index.php?rest_route=%2Fwp%2Fv2%2Ftags&post=908"}],"curies":[{"name":"wp","href":"https:\/\/api.w.org\/{rel}","templated":true}]}}