{"id":1880,"date":"2026-09-02T13:13:07","date_gmt":"2026-09-02T13:13:07","guid":{"rendered":"https:\/\/florina-vilgertshofer.de\/?p=1880"},"modified":"2026-09-02T13:14:33","modified_gmt":"2026-09-02T13:14:33","slug":"spenden-sammeln-fuer-den-freistaat-3-2-3","status":"publish","type":"post","link":"https:\/\/florina-vilgertshofer.de\/?p=1880","title":{"rendered":"Besuch bei Refugio M\u00fcnchen"},"content":{"rendered":"\n<div style=\"height:66px\" aria-hidden=\"true\" class=\"wp-block-spacer\"><\/div>\n\n\n\n<h5 class=\"wp-block-heading has-tanne-color has-text-color has-link-color has-pt-sans-font-family wp-elements-1\" style=\"font-size:clamp(18.959px, 1.185rem + ((1vw - 3.2px) * 1.255), 30px);text-transform:uppercase\">Gr\u00fcne Fraktion zu Besuch bei REfugio M\u00fcnchen<\/h5>\n\n\n\n<div style=\"height:41px\" aria-hidden=\"true\" class=\"wp-block-spacer\"><\/div>\n\n\n\n<p class=\"wp-block-paragraph\">Juli 2026 &#8211; Gestern war unsere Bezirkstagsfraktion zu Besuch bei <a href=\"https:\/\/www.instagram.com\/refugio_muenchen\/\">Refugio M\u00fcnchen<\/a>, einem Ort, der f\u00fcr viele gefl\u00fcchtete Menschen mit schweren psychischen Belastungen ein lebenswichtiger Anker ist.<br>Refugio begleitet Menschen, die Krieg, Verfolgung, Flucht und massive Traumatisierungen erlebt haben, besonders in einer entscheidenden Phase: dem \u00dcbergang vom Asylverfahren in ein Leben mit gesichertem Aufenthalt und hoffentlich gelingender Integration.<br>Gerade f\u00fcr chronisch psychisch erkrankte Gefl\u00fcchtete ist dieser \u00dcbergang enorm herausfordernd. Neue rechtliche Rahmenbedingungen, steigende Anforderungen und gleichzeitig eingeschr\u00e4nkte Handlungsf\u00e4higkeit durch schwere psychische Erkrankungen erschweren den Weg in Ausbildung, Arbeit und gesellschaftliche Teilhabe erheblich.<br>Refugio leistet hier hochspezialisierte Arbeit, die so kaum an anderer Stelle aufgefangen werden kann. Mit sozialp\u00e4dagogischer und psychologischer Expertise, niedrigschwelligen Zug\u00e4ngen, Gruppenangeboten und stabilisierenden Ma\u00dfnahmen schaffen sie Vertrauen, st\u00e4rken Selbstwirksamkeit und erm\u00f6glichen Teilhabe.<br>Die Unterst\u00fctzung solcher Angebote darf nicht infrage gestellt werden, gerade weil Refugio Menschen erreicht, die in der Regelversorgung oft keinen Zugang finden.<br>Danke an das gesamte Team von Refugio f\u00fcr euren unerm\u00fcdlichen Einsatz, eure Fachlichkeit und eure Menschlichkeit. \ud83d\udc9a<\/p>\n\n\n\n<hr class=\"wp-block-separator has-alpha-channel-opacity\"\/>\n","protected":false},"excerpt":{"rendered":"<p>14. Juli 2025 \u2022 Aktuell besch\u00e4ftigt sich der Bezirk mit der Frage, ob das Schwimmbad im Schulzentrum Johanneskirchen saniert werden soll. Die Kosten fu\u0308r eine Sanierung sind erheblich, doch Schwimmb\u00e4der fehlen an allen Ecken und Enden. <\/p>\n","protected":false},"author":-1,"featured_media":1881,"comment_status":"closed","ping_status":"open","sticky":false,"template":"","format":"standard","meta":{"footnotes":""},"categories":[15,38],"tags":[27,48,46,47],"class_list":["post-1880","post","type-post","status-publish","format-standard","has-post-thumbnail","hentry","category-aktuelles","category-bezirkstag","tag-bezirkstag","tag-johanneskirchen","tag-schulen","tag-schwimmen"],"yoast_head":"<!-- This site is optimized with the Yoast SEO plugin v28.3 - https:\/\/yoast.com\/product\/yoast-seo-wordpress\/ -->\n<title>Florina Vilgertshofer I Gr\u00fcne Direktkandidatin<\/title>\n<meta name=\"robots\" content=\"index, follow, max-snippet:-1, max-image-preview:large, max-video-preview:-1\" \/>\n<link rel=\"canonical\" href=\"https:\/\/florina-vilgertshofer.de\/?p=1880\" \/>\n<meta property=\"og:locale\" content=\"de_DE\" \/>\n<meta property=\"og:type\" content=\"article\" \/>\n<meta property=\"og:title\" content=\"Florina Vilgertshofer I Gr\u00fcne Direktkandidatin\" \/>\n<meta property=\"og:description\" content=\"14. Juli 2025 \u2022 Aktuell besch\u00e4ftigt sich der Bezirk mit der Frage, ob das Schwimmbad im Schulzentrum Johanneskirchen saniert werden soll. Die Kosten fu\u0308r eine Sanierung sind erheblich, doch Schwimmb\u00e4der fehlen an allen Ecken und Enden.\" \/>\n<meta property=\"og:url\" content=\"https:\/\/florina-vilgertshofer.de\/?p=1880\" \/>\n<meta property=\"og:site_name\" content=\"Florina Vilgertshofer\" \/>\n<meta property=\"article:publisher\" content=\"https:\/\/www.facebook.com\/minny.cooper.9\" \/>\n<meta property=\"article:author\" content=\"https:\/\/www.facebook.com\/minny.cooper.9\" \/>\n<meta property=\"article:published_time\" content=\"2026-09-02T13:13:07+00:00\" \/>\n<meta property=\"article:modified_time\" content=\"2026-09-02T13:14:33+00:00\" \/>\n<meta property=\"og:image\" content=\"http:\/\/florina-vilgertshofer.de\/wp-content\/uploads\/2026\/09\/Besuch-Refugio-Gruene-Bezirkstagfraktion-Muenchen.jpg\" \/>\n\t<meta property=\"og:image:width\" content=\"1536\" \/>\n\t<meta property=\"og:image:height\" content=\"2048\" \/>\n\t<meta property=\"og:image:type\" content=\"image\/jpeg\" \/>\n<meta name=\"author\" content=\"admin\" \/>\n<meta name=\"twitter:card\" content=\"summary_large_image\" \/>\n<meta name=\"twitter:label1\" content=\"Verfasst von\" \/>\n\t<meta name=\"twitter:data1\" content=\"\" \/>\n\t<meta name=\"twitter:label2\" content=\"Gesch\u00e4tzte Lesezeit\" \/>\n\t<meta name=\"twitter:data2\" content=\"2\u00a0Minuten\" \/>\n<script type=\"application\/ld+json\" class=\"yoast-schema-graph\">{\"@context\":\"https:\\\/\\\/schema.org\",\"@graph\":[{\"@type\":\"Article\",\"@id\":\"https:\\\/\\\/florina-vilgertshofer.de\\\/?p=1880#article\",\"isPartOf\":{\"@id\":\"https:\\\/\\\/florina-vilgertshofer.de\\\/?p=1880\"},\"author\":{\"name\":\"admin\",\"@id\":\"https:\\\/\\\/florina-vilgertshofer.de\\\/#\\\/schema\\\/person\\\/c634068ffbadf5345d5be6795bfe2fe7\"},\"headline\":\"Besuch bei Refugio M\u00fcnchen\",\"datePublished\":\"2026-09-02T13:13:07+00:00\",\"dateModified\":\"2026-09-02T13:14:33+00:00\",\"mainEntityOfPage\":{\"@id\":\"https:\\\/\\\/florina-vilgertshofer.de\\\/?p=1880\"},\"wordCount\":191,\"publisher\":{\"@id\":\"https:\\\/\\\/florina-vilgertshofer.de\\\/#\\\/schema\\\/person\\\/c634068ffbadf5345d5be6795bfe2fe7\"},\"image\":{\"@id\":\"https:\\\/\\\/florina-vilgertshofer.de\\\/?p=1880#primaryimage\"},\"thumbnailUrl\":\"https:\\\/\\\/florina-vilgertshofer.de\\\/wp-content\\\/uploads\\\/2026\\\/09\\\/Besuch-Refugio-Gruene-Bezirkstagfraktion-Muenchen.jpg\",\"keywords\":[\"Bezirkstag\",\"Johanneskirchen\",\"Schulen\",\"Schwimmen\"],\"articleSection\":[\"Aktuelles\",\"Bezirkstag\"],\"inLanguage\":\"de\"},{\"@type\":\"WebPage\",\"@id\":\"https:\\\/\\\/florina-vilgertshofer.de\\\/?p=1880\",\"url\":\"https:\\\/\\\/florina-vilgertshofer.de\\\/?p=1880\",\"name\":\"Florina Vilgertshofer I Gr\u00fcne Direktkandidatin\",\"isPartOf\":{\"@id\":\"https:\\\/\\\/florina-vilgertshofer.de\\\/#website\"},\"primaryImageOfPage\":{\"@id\":\"https:\\\/\\\/florina-vilgertshofer.de\\\/?p=1880#primaryimage\"},\"image\":{\"@id\":\"https:\\\/\\\/florina-vilgertshofer.de\\\/?p=1880#primaryimage\"},\"thumbnailUrl\":\"https:\\\/\\\/florina-vilgertshofer.de\\\/wp-content\\\/uploads\\\/2026\\\/09\\\/Besuch-Refugio-Gruene-Bezirkstagfraktion-Muenchen.jpg\",\"datePublished\":\"2026-09-02T13:13:07+00:00\",\"dateModified\":\"2026-09-02T13:14:33+00:00\",\"breadcrumb\":{\"@id\":\"https:\\\/\\\/florina-vilgertshofer.de\\\/?p=1880#breadcrumb\"},\"inLanguage\":\"de\",\"potentialAction\":[{\"@type\":\"ReadAction\",\"target\":[\"https:\\\/\\\/florina-vilgertshofer.de\\\/?p=1880\"]}]},{\"@type\":\"ImageObject\",\"inLanguage\":\"de\",\"@id\":\"https:\\\/\\\/florina-vilgertshofer.de\\\/?p=1880#primaryimage\",\"url\":\"https:\\\/\\\/florina-vilgertshofer.de\\\/wp-content\\\/uploads\\\/2026\\\/09\\\/Besuch-Refugio-Gruene-Bezirkstagfraktion-Muenchen.jpg\",\"contentUrl\":\"https:\\\/\\\/florina-vilgertshofer.de\\\/wp-content\\\/uploads\\\/2026\\\/09\\\/Besuch-Refugio-Gruene-Bezirkstagfraktion-Muenchen.jpg\",\"width\":1536,\"height\":2048},{\"@type\":\"BreadcrumbList\",\"@id\":\"https:\\\/\\\/florina-vilgertshofer.de\\\/?p=1880#breadcrumb\",\"itemListElement\":[{\"@type\":\"ListItem\",\"position\":1,\"name\":\"Startseite\",\"item\":\"https:\\\/\\\/florina-vilgertshofer.de\\\/\"},{\"@type\":\"ListItem\",\"position\":2,\"name\":\"Besuch bei Refugio M\u00fcnchen\"}]},{\"@type\":\"WebSite\",\"@id\":\"https:\\\/\\\/florina-vilgertshofer.de\\\/#website\",\"url\":\"https:\\\/\\\/florina-vilgertshofer.de\\\/\",\"name\":\"Florina Vilgertshofer\",\"description\":\"Bezirksr\u00e4tin I Kulturpolitikerin\",\"publisher\":{\"@id\":\"https:\\\/\\\/florina-vilgertshofer.de\\\/#\\\/schema\\\/person\\\/c634068ffbadf5345d5be6795bfe2fe7\"},\"alternateName\":\"Fina Vilgertshofer\",\"potentialAction\":[{\"@type\":\"SearchAction\",\"target\":{\"@type\":\"EntryPoint\",\"urlTemplate\":\"https:\\\/\\\/florina-vilgertshofer.de\\\/?s={search_term_string}\"},\"query-input\":{\"@type\":\"PropertyValueSpecification\",\"valueRequired\":true,\"valueName\":\"search_term_string\"}}],\"inLanguage\":\"de\"},{\"@type\":[\"Person\",\"Organization\"],\"@id\":\"https:\\\/\\\/florina-vilgertshofer.de\\\/#\\\/schema\\\/person\\\/c634068ffbadf5345d5be6795bfe2fe7\",\"name\":\"admin\",\"image\":{\"@type\":\"ImageObject\",\"inLanguage\":\"de\",\"@id\":\"http:\\\/\\\/florina-vilgertshofer.de\\\/wp-content\\\/uploads\\\/2023\\\/02\\\/florina-vilgertshofer-gruene-muenchen-schwabing-kandidatin-bezirkstag_breit-scaled.jpg\",\"url\":\"http:\\\/\\\/florina-vilgertshofer.de\\\/wp-content\\\/uploads\\\/2023\\\/02\\\/florina-vilgertshofer-gruene-muenchen-schwabing-kandidatin-bezirkstag_breit-scaled.jpg\",\"contentUrl\":\"http:\\\/\\\/florina-vilgertshofer.de\\\/wp-content\\\/uploads\\\/2023\\\/02\\\/florina-vilgertshofer-gruene-muenchen-schwabing-kandidatin-bezirkstag_breit-scaled.jpg\",\"width\":2560,\"height\":1209,\"caption\":\"admin\"},\"logo\":{\"@id\":\"http:\\\/\\\/florina-vilgertshofer.de\\\/wp-content\\\/uploads\\\/2023\\\/02\\\/florina-vilgertshofer-gruene-muenchen-schwabing-kandidatin-bezirkstag_breit-scaled.jpg\"},\"sameAs\":[\"http:\\\/\\\/florina-vilgertshofer.de\",\"https:\\\/\\\/www.facebook.com\\\/minny.cooper.9\",\"https:\\\/\\\/www.instagram.com\\\/finafinch\\\/\",\"https:\\\/\\\/www.linkedin.com\\\/in\\\/florina-fina-vilgertshofer-a5320093\\\/\"],\"url\":\"https:\\\/\\\/florina-vilgertshofer.de\\\/?author=1\"}]}<\/script>\n<!-- \/ Yoast SEO plugin. -->","yoast_head_json":{"title":"Florina Vilgertshofer I Gr\u00fcne Direktkandidatin","robots":{"index":"index","follow":"follow","max-snippet":"max-snippet:-1","max-image-preview":"max-image-preview:large","max-video-preview":"max-video-preview:-1"},"canonical":"https:\/\/florina-vilgertshofer.de\/?p=1880","og_locale":"de_DE","og_type":"article","og_title":"Florina Vilgertshofer I Gr\u00fcne Direktkandidatin","og_description":"14. Juli 2025 \u2022 Aktuell besch\u00e4ftigt sich der Bezirk mit der Frage, ob das Schwimmbad im Schulzentrum Johanneskirchen saniert werden soll. Die Kosten fu\u0308r eine Sanierung sind erheblich, doch Schwimmb\u00e4der fehlen an allen Ecken und Enden.","og_url":"https:\/\/florina-vilgertshofer.de\/?p=1880","og_site_name":"Florina Vilgertshofer","article_publisher":"https:\/\/www.facebook.com\/minny.cooper.9","article_author":"https:\/\/www.facebook.com\/minny.cooper.9","article_published_time":"2026-09-02T13:13:07+00:00","article_modified_time":"2026-09-02T13:14:33+00:00","og_image":[{"width":1536,"height":2048,"url":"http:\/\/florina-vilgertshofer.de\/wp-content\/uploads\/2026\/09\/Besuch-Refugio-Gruene-Bezirkstagfraktion-Muenchen.jpg","type":"image\/jpeg"}],"author":"admin","twitter_card":"summary_large_image","twitter_misc":{"Verfasst von":false,"Gesch\u00e4tzte Lesezeit":"2\u00a0Minuten"},"schema":{"@context":"https:\/\/schema.org","@graph":[{"@type":"Article","@id":"https:\/\/florina-vilgertshofer.de\/?p=1880#article","isPartOf":{"@id":"https:\/\/florina-vilgertshofer.de\/?p=1880"},"author":{"name":"admin","@id":"https:\/\/florina-vilgertshofer.de\/#\/schema\/person\/c634068ffbadf5345d5be6795bfe2fe7"},"headline":"Besuch bei Refugio M\u00fcnchen","datePublished":"2026-09-02T13:13:07+00:00","dateModified":"2026-09-02T13:14:33+00:00","mainEntityOfPage":{"@id":"https:\/\/florina-vilgertshofer.de\/?p=1880"},"wordCount":191,"publisher":{"@id":"https:\/\/florina-vilgertshofer.de\/#\/schema\/person\/c634068ffbadf5345d5be6795bfe2fe7"},"image":{"@id":"https:\/\/florina-vilgertshofer.de\/?p=1880#primaryimage"},"thumbnailUrl":"https:\/\/florina-vilgertshofer.de\/wp-content\/uploads\/2026\/09\/Besuch-Refugio-Gruene-Bezirkstagfraktion-Muenchen.jpg","keywords":["Bezirkstag","Johanneskirchen","Schulen","Schwimmen"],"articleSection":["Aktuelles","Bezirkstag"],"inLanguage":"de"},{"@type":"WebPage","@id":"https:\/\/florina-vilgertshofer.de\/?p=1880","url":"https:\/\/florina-vilgertshofer.de\/?p=1880","name":"Florina Vilgertshofer I Gr\u00fcne Direktkandidatin","isPartOf":{"@id":"https:\/\/florina-vilgertshofer.de\/#website"},"primaryImageOfPage":{"@id":"https:\/\/florina-vilgertshofer.de\/?p=1880#primaryimage"},"image":{"@id":"https:\/\/florina-vilgertshofer.de\/?p=1880#primaryimage"},"thumbnailUrl":"https:\/\/florina-vilgertshofer.de\/wp-content\/uploads\/2026\/09\/Besuch-Refugio-Gruene-Bezirkstagfraktion-Muenchen.jpg","datePublished":"2026-09-02T13:13:07+00:00","dateModified":"2026-09-02T13:14:33+00:00","breadcrumb":{"@id":"https:\/\/florina-vilgertshofer.de\/?p=1880#breadcrumb"},"inLanguage":"de","potentialAction":[{"@type":"ReadAction","target":["https:\/\/florina-vilgertshofer.de\/?p=1880"]}]},{"@type":"ImageObject","inLanguage":"de","@id":"https:\/\/florina-vilgertshofer.de\/?p=1880#primaryimage","url":"https:\/\/florina-vilgertshofer.de\/wp-content\/uploads\/2026\/09\/Besuch-Refugio-Gruene-Bezirkstagfraktion-Muenchen.jpg","contentUrl":"https:\/\/florina-vilgertshofer.de\/wp-content\/uploads\/2026\/09\/Besuch-Refugio-Gruene-Bezirkstagfraktion-Muenchen.jpg","width":1536,"height":2048},{"@type":"BreadcrumbList","@id":"https:\/\/florina-vilgertshofer.de\/?p=1880#breadcrumb","itemListElement":[{"@type":"ListItem","position":1,"name":"Startseite","item":"https:\/\/florina-vilgertshofer.de\/"},{"@type":"ListItem","position":2,"name":"Besuch bei Refugio M\u00fcnchen"}]},{"@type":"WebSite","@id":"https:\/\/florina-vilgertshofer.de\/#website","url":"https:\/\/florina-vilgertshofer.de\/","name":"Florina Vilgertshofer","description":"Bezirksr\u00e4tin I Kulturpolitikerin","publisher":{"@id":"https:\/\/florina-vilgertshofer.de\/#\/schema\/person\/c634068ffbadf5345d5be6795bfe2fe7"},"alternateName":"Fina Vilgertshofer","potentialAction":[{"@type":"SearchAction","target":{"@type":"EntryPoint","urlTemplate":"https:\/\/florina-vilgertshofer.de\/?s={search_term_string}"},"query-input":{"@type":"PropertyValueSpecification","valueRequired":true,"valueName":"search_term_string"}}],"inLanguage":"de"},{"@type":["Person","Organization"],"@id":"https:\/\/florina-vilgertshofer.de\/#\/schema\/person\/c634068ffbadf5345d5be6795bfe2fe7","name":"admin","image":{"@type":"ImageObject","inLanguage":"de","@id":"http:\/\/florina-vilgertshofer.de\/wp-content\/uploads\/2023\/02\/florina-vilgertshofer-gruene-muenchen-schwabing-kandidatin-bezirkstag_breit-scaled.jpg","url":"http:\/\/florina-vilgertshofer.de\/wp-content\/uploads\/2023\/02\/florina-vilgertshofer-gruene-muenchen-schwabing-kandidatin-bezirkstag_breit-scaled.jpg","contentUrl":"http:\/\/florina-vilgertshofer.de\/wp-content\/uploads\/2023\/02\/florina-vilgertshofer-gruene-muenchen-schwabing-kandidatin-bezirkstag_breit-scaled.jpg","width":2560,"height":1209,"caption":"admin"},"logo":{"@id":"http:\/\/florina-vilgertshofer.de\/wp-content\/uploads\/2023\/02\/florina-vilgertshofer-gruene-muenchen-schwabing-kandidatin-bezirkstag_breit-scaled.jpg"},"sameAs":["http:\/\/florina-vilgertshofer.de","https:\/\/www.facebook.com\/minny.cooper.9","https:\/\/www.instagram.com\/finafinch\/","https:\/\/www.linkedin.com\/in\/florina-fina-vilgertshofer-a5320093\/"],"url":"https:\/\/florina-vilgertshofer.de\/?author=1"}]}},"_links":{"self":[{"href":"https:\/\/florina-vilgertshofer.de\/index.php?rest_route=\/wp\/v2\/posts\/1880","targetHints":{"allow":["GET"]}}],"collection":[{"href":"https:\/\/florina-vilgertshofer.de\/index.php?rest_route=\/wp\/v2\/posts"}],"about":[{"href":"https:\/\/florina-vilgertshofer.de\/index.php?rest_route=\/wp\/v2\/types\/post"}],"author":[{"embeddable":true,"href":"https:\/\/florina-vilgertshofer.de\/index.php?rest_route=\/wp\/v2\/users\/1"}],"replies":[{"embeddable":true,"href":"https:\/\/florina-vilgertshofer.de\/index.php?rest_route=%2Fwp%2Fv2%2Fcomments&post=1880"}],"version-history":[{"count":4,"href":"https:\/\/florina-vilgertshofer.de\/index.php?rest_route=\/wp\/v2\/posts\/1880\/revisions"}],"predecessor-version":[{"id":1885,"href":"https:\/\/florina-vilgertshofer.de\/index.php?rest_route=\/wp\/v2\/posts\/1880\/revisions\/1885"}],"wp:featuredmedia":[{"embeddable":true,"href":"https:\/\/florina-vilgertshofer.de\/index.php?rest_route=\/wp\/v2\/media\/1881"}],"wp:attachment":[{"href":"https:\/\/florina-vilgertshofer.de\/index.php?rest_route=%2Fwp%2Fv2%2Fmedia&parent=1880"}],"wp:term":[{"taxonomy":"category","embeddable":true,"href":"https:\/\/florina-vilgertshofer.de\/index.php?rest_route=%2Fwp%2Fv2%2Fcategories&post=1880"},{"taxonomy":"post_tag","embeddable":true,"href":"https:\/\/florina-vilgertshofer.de\/index.php?rest_route=%2Fwp%2Fv2%2Ftags&post=1880"}],"curies":[{"name":"wp","href":"https:\/\/api.w.org\/{rel}","templated":true}]}}