{"id":1864,"date":"2026-05-09T09:29:00","date_gmt":"2026-05-09T09:29:00","guid":{"rendered":"https:\/\/florina-vilgertshofer.de\/?p=1864"},"modified":"2026-09-02T09:41:49","modified_gmt":"2026-09-02T09:41:49","slug":"gastbeitrag-zerwirk-2","status":"publish","type":"post","link":"https:\/\/florina-vilgertshofer.de\/?p=1864","title":{"rendered":"Wahl in den Landesausschuss"},"content":{"rendered":"\n<div style=\"height:66px\" aria-hidden=\"true\" class=\"wp-block-spacer\"><\/div>\n\n\n\n<h2 class=\"wp-block-heading has-text-align-center has-tanne-color has-text-color has-link-color has-pt-sans-font-family wp-elements-1\" style=\"font-size:clamp(18.959px, 1.185rem + ((1vw - 3.2px) * 1.255), 30px);font-style:normal;font-weight:400;text-transform:uppercase\">Herzlichen DAnk f\u00fcr euer Vertrauen I WAhl in den Landesausschuss der Bayerischen gr\u00fcnen <\/h2>\n\n\n\n<div style=\"height:30px\" aria-hidden=\"true\" class=\"wp-block-spacer\"><\/div>\n\n\n\n<figure class=\"wp-block-image aligncenter size-large is-resized\"><img loading=\"lazy\" decoding=\"async\" width=\"2560\" height=\"2560\" src=\"https:\/\/florina-vilgertshofer.de\/wp-content\/uploads\/2026\/09\/Vilgertshofer-Florina-Bezirksversammlung-Germerin-Wahl-Landesausschuss-edited-scaled.jpg\" alt=\"\" class=\"wp-image-1866\" style=\"width:464px;height:auto\" srcset=\"https:\/\/florina-vilgertshofer.de\/wp-content\/uploads\/2026\/09\/Vilgertshofer-Florina-Bezirksversammlung-Germerin-Wahl-Landesausschuss-edited-scaled.jpg 2560w, https:\/\/florina-vilgertshofer.de\/wp-content\/uploads\/2026\/09\/Vilgertshofer-Florina-Bezirksversammlung-Germerin-Wahl-Landesausschuss-edited-300x300.jpg 300w, https:\/\/florina-vilgertshofer.de\/wp-content\/uploads\/2026\/09\/Vilgertshofer-Florina-Bezirksversammlung-Germerin-Wahl-Landesausschuss-edited-1024x1024.jpg 1024w, https:\/\/florina-vilgertshofer.de\/wp-content\/uploads\/2026\/09\/Vilgertshofer-Florina-Bezirksversammlung-Germerin-Wahl-Landesausschuss-edited-150x150.jpg 150w, https:\/\/florina-vilgertshofer.de\/wp-content\/uploads\/2026\/09\/Vilgertshofer-Florina-Bezirksversammlung-Germerin-Wahl-Landesausschuss-edited-768x768.jpg 768w, https:\/\/florina-vilgertshofer.de\/wp-content\/uploads\/2026\/09\/Vilgertshofer-Florina-Bezirksversammlung-Germerin-Wahl-Landesausschuss-edited-1536x1536.jpg 1536w, https:\/\/florina-vilgertshofer.de\/wp-content\/uploads\/2026\/09\/Vilgertshofer-Florina-Bezirksversammlung-Germerin-Wahl-Landesausschuss-edited-2048x2048.jpg 2048w\" sizes=\"auto, (max-width: 2560px) 100vw, 2560px\" \/><\/figure>\n\n\n\n<div style=\"height:30px\" aria-hidden=\"true\" class=\"wp-block-spacer\"><\/div>\n\n\n\n<p class=\"has-text-align-left wp-block-paragraph\"><strong>Mai 2026<\/strong> \u2013 Ich freue mich sehr \u00fcber das gro\u00dfe Vertrauen der Bezirksversammlung und meine Wahl in den Landesausschuss der Bayerischen Gr\u00fcnen. K\u00fcnftig darf ich dort den Bezirksverband Oberbayern vertreten und gemeinsam mit anderen an den strategischen Fragen unserer Partei arbeiten.<\/p>\n\n\n\n<p class=\"wp-block-paragraph\">Klar in der Haltung, nah an der Basis und entschlossen im Einsatz f\u00fcr Demokratie, Zusammenhalt und eine konstruktive politische Kultur, die im demokratischen Spektrum Mehrheiten sucht, um die Herausforderungen der Gegenwart und der Zukunft zu l\u00f6sen: das sind f\u00fcr mich die Schl\u00fcsselpunkte, um bei den kommenden Wahlen die Menschen zu \u00fcberzeugen und zu unterst\u00fctzen.<\/p>\n\n\n\n<p class=\"has-text-align-left wp-block-paragraph\">Diese Perspektive bringe ich in den Landesausschuss ein. Mit Energie, Offenheit und einem klaren Blick daf\u00fcr, was unsere Partei und unser Land jetzt brauchen.<\/p>\n\n\n\n<div style=\"height:20px\" aria-hidden=\"true\" class=\"wp-block-spacer\"><\/div>\n\n\n\n<hr class=\"wp-block-separator has-alpha-channel-opacity\"\/>\n","protected":false},"excerpt":{"rendered":"<p>9. Mai 2026 &#8211; Ich freue mich sehr \u00fcber das gro\u00dfe Vertrauen der Bezirksversammlung und meine Wahl in den Landesausschuss der Bayerischen Gr\u00fcnen. K\u00fcnftig darf ich dort den Bezirksverband Oberbayern vertreten und gemeinsam mit anderen an den strategischen Fragen unserer Partei arbeiten.<\/p>\n","protected":false},"author":-1,"featured_media":1866,"comment_status":"closed","ping_status":"open","sticky":false,"template":"","format":"standard","meta":{"footnotes":""},"categories":[15,58],"tags":[31,42],"class_list":["post-1864","post","type-post","status-publish","format-standard","has-post-thumbnail","hentry","category-aktuelles","category-partei","tag-bodenpolitik","tag-muenchner-forum"],"yoast_head":"<!-- This site is optimized with the Yoast SEO plugin v28.3 - https:\/\/yoast.com\/product\/yoast-seo-wordpress\/ -->\n<title>Florina Vilgertshofer I Gr\u00fcne Direktkandidatin<\/title>\n<meta name=\"robots\" content=\"index, follow, max-snippet:-1, max-image-preview:large, max-video-preview:-1\" \/>\n<link rel=\"canonical\" href=\"https:\/\/florina-vilgertshofer.de\/?p=1864\" \/>\n<meta property=\"og:locale\" content=\"de_DE\" \/>\n<meta property=\"og:type\" content=\"article\" \/>\n<meta property=\"og:title\" content=\"Florina Vilgertshofer I Gr\u00fcne Direktkandidatin\" \/>\n<meta property=\"og:description\" content=\"9. Mai 2026 - Ich freue mich sehr \u00fcber das gro\u00dfe Vertrauen der Bezirksversammlung und meine Wahl in den Landesausschuss der Bayerischen Gr\u00fcnen. K\u00fcnftig darf ich dort den Bezirksverband Oberbayern vertreten und gemeinsam mit anderen an den strategischen Fragen unserer Partei arbeiten.\" \/>\n<meta property=\"og:url\" content=\"https:\/\/florina-vilgertshofer.de\/?p=1864\" \/>\n<meta property=\"og:site_name\" content=\"Florina Vilgertshofer\" \/>\n<meta property=\"article:publisher\" content=\"https:\/\/www.facebook.com\/minny.cooper.9\" \/>\n<meta property=\"article:author\" content=\"https:\/\/www.facebook.com\/minny.cooper.9\" \/>\n<meta property=\"article:published_time\" content=\"2026-05-09T09:29:00+00:00\" \/>\n<meta property=\"article:modified_time\" content=\"2026-09-02T09:41:49+00:00\" \/>\n<meta property=\"og:image\" content=\"http:\/\/florina-vilgertshofer.de\/wp-content\/uploads\/2026\/09\/Vilgertshofer-Florina-Bezirksversammlung-Germerin-Wahl-Landesausschuss-edited-scaled.jpg\" \/>\n\t<meta property=\"og:image:width\" content=\"2560\" \/>\n\t<meta property=\"og:image:height\" content=\"2560\" \/>\n\t<meta property=\"og:image:type\" content=\"image\/jpeg\" \/>\n<meta name=\"author\" content=\"admin\" \/>\n<meta name=\"twitter:card\" content=\"summary_large_image\" \/>\n<meta name=\"twitter:label1\" content=\"Verfasst von\" \/>\n\t<meta name=\"twitter:data1\" content=\"\" \/>\n\t<meta name=\"twitter:label2\" content=\"Gesch\u00e4tzte Lesezeit\" \/>\n\t<meta name=\"twitter:data2\" content=\"2\u00a0Minuten\" \/>\n<script type=\"application\/ld+json\" class=\"yoast-schema-graph\">{\"@context\":\"https:\\\/\\\/schema.org\",\"@graph\":[{\"@type\":\"Article\",\"@id\":\"https:\\\/\\\/florina-vilgertshofer.de\\\/?p=1864#article\",\"isPartOf\":{\"@id\":\"https:\\\/\\\/florina-vilgertshofer.de\\\/?p=1864\"},\"author\":{\"name\":\"admin\",\"@id\":\"https:\\\/\\\/florina-vilgertshofer.de\\\/#\\\/schema\\\/person\\\/c634068ffbadf5345d5be6795bfe2fe7\"},\"headline\":\"Wahl in den Landesausschuss\",\"datePublished\":\"2026-05-09T09:29:00+00:00\",\"dateModified\":\"2026-09-02T09:41:49+00:00\",\"mainEntityOfPage\":{\"@id\":\"https:\\\/\\\/florina-vilgertshofer.de\\\/?p=1864\"},\"wordCount\":145,\"publisher\":{\"@id\":\"https:\\\/\\\/florina-vilgertshofer.de\\\/#\\\/schema\\\/person\\\/c634068ffbadf5345d5be6795bfe2fe7\"},\"image\":{\"@id\":\"https:\\\/\\\/florina-vilgertshofer.de\\\/?p=1864#primaryimage\"},\"thumbnailUrl\":\"https:\\\/\\\/florina-vilgertshofer.de\\\/wp-content\\\/uploads\\\/2026\\\/09\\\/Vilgertshofer-Florina-Bezirksversammlung-Germerin-Wahl-Landesausschuss-edited-scaled.jpg\",\"keywords\":[\"Bodenpolitik\",\"M\u00fcnchner Forum\"],\"articleSection\":[\"Aktuelles\",\"Partei\"],\"inLanguage\":\"de\"},{\"@type\":\"WebPage\",\"@id\":\"https:\\\/\\\/florina-vilgertshofer.de\\\/?p=1864\",\"url\":\"https:\\\/\\\/florina-vilgertshofer.de\\\/?p=1864\",\"name\":\"Florina Vilgertshofer I Gr\u00fcne Direktkandidatin\",\"isPartOf\":{\"@id\":\"https:\\\/\\\/florina-vilgertshofer.de\\\/#website\"},\"primaryImageOfPage\":{\"@id\":\"https:\\\/\\\/florina-vilgertshofer.de\\\/?p=1864#primaryimage\"},\"image\":{\"@id\":\"https:\\\/\\\/florina-vilgertshofer.de\\\/?p=1864#primaryimage\"},\"thumbnailUrl\":\"https:\\\/\\\/florina-vilgertshofer.de\\\/wp-content\\\/uploads\\\/2026\\\/09\\\/Vilgertshofer-Florina-Bezirksversammlung-Germerin-Wahl-Landesausschuss-edited-scaled.jpg\",\"datePublished\":\"2026-05-09T09:29:00+00:00\",\"dateModified\":\"2026-09-02T09:41:49+00:00\",\"breadcrumb\":{\"@id\":\"https:\\\/\\\/florina-vilgertshofer.de\\\/?p=1864#breadcrumb\"},\"inLanguage\":\"de\",\"potentialAction\":[{\"@type\":\"ReadAction\",\"target\":[\"https:\\\/\\\/florina-vilgertshofer.de\\\/?p=1864\"]}]},{\"@type\":\"ImageObject\",\"inLanguage\":\"de\",\"@id\":\"https:\\\/\\\/florina-vilgertshofer.de\\\/?p=1864#primaryimage\",\"url\":\"https:\\\/\\\/florina-vilgertshofer.de\\\/wp-content\\\/uploads\\\/2026\\\/09\\\/Vilgertshofer-Florina-Bezirksversammlung-Germerin-Wahl-Landesausschuss-edited-scaled.jpg\",\"contentUrl\":\"https:\\\/\\\/florina-vilgertshofer.de\\\/wp-content\\\/uploads\\\/2026\\\/09\\\/Vilgertshofer-Florina-Bezirksversammlung-Germerin-Wahl-Landesausschuss-edited-scaled.jpg\",\"width\":2560,\"height\":2560},{\"@type\":\"BreadcrumbList\",\"@id\":\"https:\\\/\\\/florina-vilgertshofer.de\\\/?p=1864#breadcrumb\",\"itemListElement\":[{\"@type\":\"ListItem\",\"position\":1,\"name\":\"Startseite\",\"item\":\"https:\\\/\\\/florina-vilgertshofer.de\\\/\"},{\"@type\":\"ListItem\",\"position\":2,\"name\":\"Wahl in den Landesausschuss\"}]},{\"@type\":\"WebSite\",\"@id\":\"https:\\\/\\\/florina-vilgertshofer.de\\\/#website\",\"url\":\"https:\\\/\\\/florina-vilgertshofer.de\\\/\",\"name\":\"Florina Vilgertshofer\",\"description\":\"Bezirksr\u00e4tin I Kulturpolitikerin\",\"publisher\":{\"@id\":\"https:\\\/\\\/florina-vilgertshofer.de\\\/#\\\/schema\\\/person\\\/c634068ffbadf5345d5be6795bfe2fe7\"},\"alternateName\":\"Fina Vilgertshofer\",\"potentialAction\":[{\"@type\":\"SearchAction\",\"target\":{\"@type\":\"EntryPoint\",\"urlTemplate\":\"https:\\\/\\\/florina-vilgertshofer.de\\\/?s={search_term_string}\"},\"query-input\":{\"@type\":\"PropertyValueSpecification\",\"valueRequired\":true,\"valueName\":\"search_term_string\"}}],\"inLanguage\":\"de\"},{\"@type\":[\"Person\",\"Organization\"],\"@id\":\"https:\\\/\\\/florina-vilgertshofer.de\\\/#\\\/schema\\\/person\\\/c634068ffbadf5345d5be6795bfe2fe7\",\"name\":\"admin\",\"image\":{\"@type\":\"ImageObject\",\"inLanguage\":\"de\",\"@id\":\"http:\\\/\\\/florina-vilgertshofer.de\\\/wp-content\\\/uploads\\\/2023\\\/02\\\/florina-vilgertshofer-gruene-muenchen-schwabing-kandidatin-bezirkstag_breit-scaled.jpg\",\"url\":\"http:\\\/\\\/florina-vilgertshofer.de\\\/wp-content\\\/uploads\\\/2023\\\/02\\\/florina-vilgertshofer-gruene-muenchen-schwabing-kandidatin-bezirkstag_breit-scaled.jpg\",\"contentUrl\":\"http:\\\/\\\/florina-vilgertshofer.de\\\/wp-content\\\/uploads\\\/2023\\\/02\\\/florina-vilgertshofer-gruene-muenchen-schwabing-kandidatin-bezirkstag_breit-scaled.jpg\",\"width\":2560,\"height\":1209,\"caption\":\"admin\"},\"logo\":{\"@id\":\"http:\\\/\\\/florina-vilgertshofer.de\\\/wp-content\\\/uploads\\\/2023\\\/02\\\/florina-vilgertshofer-gruene-muenchen-schwabing-kandidatin-bezirkstag_breit-scaled.jpg\"},\"sameAs\":[\"http:\\\/\\\/florina-vilgertshofer.de\",\"https:\\\/\\\/www.facebook.com\\\/minny.cooper.9\",\"https:\\\/\\\/www.instagram.com\\\/finafinch\\\/\",\"https:\\\/\\\/www.linkedin.com\\\/in\\\/florina-fina-vilgertshofer-a5320093\\\/\"],\"url\":\"https:\\\/\\\/florina-vilgertshofer.de\\\/?author=1\"}]}<\/script>\n<!-- \/ Yoast SEO plugin. -->","yoast_head_json":{"title":"Florina Vilgertshofer I Gr\u00fcne Direktkandidatin","robots":{"index":"index","follow":"follow","max-snippet":"max-snippet:-1","max-image-preview":"max-image-preview:large","max-video-preview":"max-video-preview:-1"},"canonical":"https:\/\/florina-vilgertshofer.de\/?p=1864","og_locale":"de_DE","og_type":"article","og_title":"Florina Vilgertshofer I Gr\u00fcne Direktkandidatin","og_description":"9. Mai 2026 - Ich freue mich sehr \u00fcber das gro\u00dfe Vertrauen der Bezirksversammlung und meine Wahl in den Landesausschuss der Bayerischen Gr\u00fcnen. K\u00fcnftig darf ich dort den Bezirksverband Oberbayern vertreten und gemeinsam mit anderen an den strategischen Fragen unserer Partei arbeiten.","og_url":"https:\/\/florina-vilgertshofer.de\/?p=1864","og_site_name":"Florina Vilgertshofer","article_publisher":"https:\/\/www.facebook.com\/minny.cooper.9","article_author":"https:\/\/www.facebook.com\/minny.cooper.9","article_published_time":"2026-05-09T09:29:00+00:00","article_modified_time":"2026-09-02T09:41:49+00:00","og_image":[{"width":2560,"height":2560,"url":"http:\/\/florina-vilgertshofer.de\/wp-content\/uploads\/2026\/09\/Vilgertshofer-Florina-Bezirksversammlung-Germerin-Wahl-Landesausschuss-edited-scaled.jpg","type":"image\/jpeg"}],"author":"admin","twitter_card":"summary_large_image","twitter_misc":{"Verfasst von":false,"Gesch\u00e4tzte Lesezeit":"2\u00a0Minuten"},"schema":{"@context":"https:\/\/schema.org","@graph":[{"@type":"Article","@id":"https:\/\/florina-vilgertshofer.de\/?p=1864#article","isPartOf":{"@id":"https:\/\/florina-vilgertshofer.de\/?p=1864"},"author":{"name":"admin","@id":"https:\/\/florina-vilgertshofer.de\/#\/schema\/person\/c634068ffbadf5345d5be6795bfe2fe7"},"headline":"Wahl in den Landesausschuss","datePublished":"2026-05-09T09:29:00+00:00","dateModified":"2026-09-02T09:41:49+00:00","mainEntityOfPage":{"@id":"https:\/\/florina-vilgertshofer.de\/?p=1864"},"wordCount":145,"publisher":{"@id":"https:\/\/florina-vilgertshofer.de\/#\/schema\/person\/c634068ffbadf5345d5be6795bfe2fe7"},"image":{"@id":"https:\/\/florina-vilgertshofer.de\/?p=1864#primaryimage"},"thumbnailUrl":"https:\/\/florina-vilgertshofer.de\/wp-content\/uploads\/2026\/09\/Vilgertshofer-Florina-Bezirksversammlung-Germerin-Wahl-Landesausschuss-edited-scaled.jpg","keywords":["Bodenpolitik","M\u00fcnchner Forum"],"articleSection":["Aktuelles","Partei"],"inLanguage":"de"},{"@type":"WebPage","@id":"https:\/\/florina-vilgertshofer.de\/?p=1864","url":"https:\/\/florina-vilgertshofer.de\/?p=1864","name":"Florina Vilgertshofer I Gr\u00fcne Direktkandidatin","isPartOf":{"@id":"https:\/\/florina-vilgertshofer.de\/#website"},"primaryImageOfPage":{"@id":"https:\/\/florina-vilgertshofer.de\/?p=1864#primaryimage"},"image":{"@id":"https:\/\/florina-vilgertshofer.de\/?p=1864#primaryimage"},"thumbnailUrl":"https:\/\/florina-vilgertshofer.de\/wp-content\/uploads\/2026\/09\/Vilgertshofer-Florina-Bezirksversammlung-Germerin-Wahl-Landesausschuss-edited-scaled.jpg","datePublished":"2026-05-09T09:29:00+00:00","dateModified":"2026-09-02T09:41:49+00:00","breadcrumb":{"@id":"https:\/\/florina-vilgertshofer.de\/?p=1864#breadcrumb"},"inLanguage":"de","potentialAction":[{"@type":"ReadAction","target":["https:\/\/florina-vilgertshofer.de\/?p=1864"]}]},{"@type":"ImageObject","inLanguage":"de","@id":"https:\/\/florina-vilgertshofer.de\/?p=1864#primaryimage","url":"https:\/\/florina-vilgertshofer.de\/wp-content\/uploads\/2026\/09\/Vilgertshofer-Florina-Bezirksversammlung-Germerin-Wahl-Landesausschuss-edited-scaled.jpg","contentUrl":"https:\/\/florina-vilgertshofer.de\/wp-content\/uploads\/2026\/09\/Vilgertshofer-Florina-Bezirksversammlung-Germerin-Wahl-Landesausschuss-edited-scaled.jpg","width":2560,"height":2560},{"@type":"BreadcrumbList","@id":"https:\/\/florina-vilgertshofer.de\/?p=1864#breadcrumb","itemListElement":[{"@type":"ListItem","position":1,"name":"Startseite","item":"https:\/\/florina-vilgertshofer.de\/"},{"@type":"ListItem","position":2,"name":"Wahl in den Landesausschuss"}]},{"@type":"WebSite","@id":"https:\/\/florina-vilgertshofer.de\/#website","url":"https:\/\/florina-vilgertshofer.de\/","name":"Florina Vilgertshofer","description":"Bezirksr\u00e4tin I Kulturpolitikerin","publisher":{"@id":"https:\/\/florina-vilgertshofer.de\/#\/schema\/person\/c634068ffbadf5345d5be6795bfe2fe7"},"alternateName":"Fina Vilgertshofer","potentialAction":[{"@type":"SearchAction","target":{"@type":"EntryPoint","urlTemplate":"https:\/\/florina-vilgertshofer.de\/?s={search_term_string}"},"query-input":{"@type":"PropertyValueSpecification","valueRequired":true,"valueName":"search_term_string"}}],"inLanguage":"de"},{"@type":["Person","Organization"],"@id":"https:\/\/florina-vilgertshofer.de\/#\/schema\/person\/c634068ffbadf5345d5be6795bfe2fe7","name":"admin","image":{"@type":"ImageObject","inLanguage":"de","@id":"http:\/\/florina-vilgertshofer.de\/wp-content\/uploads\/2023\/02\/florina-vilgertshofer-gruene-muenchen-schwabing-kandidatin-bezirkstag_breit-scaled.jpg","url":"http:\/\/florina-vilgertshofer.de\/wp-content\/uploads\/2023\/02\/florina-vilgertshofer-gruene-muenchen-schwabing-kandidatin-bezirkstag_breit-scaled.jpg","contentUrl":"http:\/\/florina-vilgertshofer.de\/wp-content\/uploads\/2023\/02\/florina-vilgertshofer-gruene-muenchen-schwabing-kandidatin-bezirkstag_breit-scaled.jpg","width":2560,"height":1209,"caption":"admin"},"logo":{"@id":"http:\/\/florina-vilgertshofer.de\/wp-content\/uploads\/2023\/02\/florina-vilgertshofer-gruene-muenchen-schwabing-kandidatin-bezirkstag_breit-scaled.jpg"},"sameAs":["http:\/\/florina-vilgertshofer.de","https:\/\/www.facebook.com\/minny.cooper.9","https:\/\/www.instagram.com\/finafinch\/","https:\/\/www.linkedin.com\/in\/florina-fina-vilgertshofer-a5320093\/"],"url":"https:\/\/florina-vilgertshofer.de\/?author=1"}]}},"_links":{"self":[{"href":"https:\/\/florina-vilgertshofer.de\/index.php?rest_route=\/wp\/v2\/posts\/1864","targetHints":{"allow":["GET"]}}],"collection":[{"href":"https:\/\/florina-vilgertshofer.de\/index.php?rest_route=\/wp\/v2\/posts"}],"about":[{"href":"https:\/\/florina-vilgertshofer.de\/index.php?rest_route=\/wp\/v2\/types\/post"}],"author":[{"embeddable":true,"href":"https:\/\/florina-vilgertshofer.de\/index.php?rest_route=\/wp\/v2\/users\/1"}],"replies":[{"embeddable":true,"href":"https:\/\/florina-vilgertshofer.de\/index.php?rest_route=%2Fwp%2Fv2%2Fcomments&post=1864"}],"version-history":[{"count":1,"href":"https:\/\/florina-vilgertshofer.de\/index.php?rest_route=\/wp\/v2\/posts\/1864\/revisions"}],"predecessor-version":[{"id":1867,"href":"https:\/\/florina-vilgertshofer.de\/index.php?rest_route=\/wp\/v2\/posts\/1864\/revisions\/1867"}],"wp:featuredmedia":[{"embeddable":true,"href":"https:\/\/florina-vilgertshofer.de\/index.php?rest_route=\/wp\/v2\/media\/1866"}],"wp:attachment":[{"href":"https:\/\/florina-vilgertshofer.de\/index.php?rest_route=%2Fwp%2Fv2%2Fmedia&parent=1864"}],"wp:term":[{"taxonomy":"category","embeddable":true,"href":"https:\/\/florina-vilgertshofer.de\/index.php?rest_route=%2Fwp%2Fv2%2Fcategories&post=1864"},{"taxonomy":"post_tag","embeddable":true,"href":"https:\/\/florina-vilgertshofer.de\/index.php?rest_route=%2Fwp%2Fv2%2Ftags&post=1864"}],"curies":[{"name":"wp","href":"https:\/\/api.w.org\/{rel}","templated":true}]}}