{"id":1645,"date":"2025-11-11T20:02:03","date_gmt":"2025-11-11T20:02:03","guid":{"rendered":"https:\/\/florina-vilgertshofer.de\/?p=1645"},"modified":"2026-08-25T20:11:25","modified_gmt":"2026-08-25T20:11:25","slug":"spenden-sammeln-fuer-den-freistaat-4-2-2-2","status":"publish","type":"post","link":"https:\/\/florina-vilgertshofer.de\/?p=1645","title":{"rendered":"STRAFJUSTIZZENTRUM &#8211; MEINE ANTR\u00c4GE IM BEZIKRSAUSSCHUSS"},"content":{"rendered":"\n<h2 class=\"wp-block-heading has-text-align-center has-tanne-color has-text-color has-link-color has-pt-sans-font-family wp-elements-1\" style=\"font-size:clamp(18.959px, 1.185rem + ((1vw - 3.2px) * 1.255), 30px);font-style:normal;font-weight:400;text-transform:uppercase\">STRAFJUSTIZZENTRUM &#8211; MEINE ANTR\u00c4GE IM BEZIRKSAUSSCHUSS MAXVORSTADT<\/h2>\n\n\n\n<div style=\"height:30px\" aria-hidden=\"true\" class=\"wp-block-spacer\"><\/div>\n\n\n\n<p class=\"has-text-align-left wp-block-paragraph\"><strong>November 2025<\/strong> &#8211; Nachdem auf Grund der Petition &#8222;Wohnraum statt Rendite &#8211; Verkauf des Justizzentrums stoppen&#8220; Bewegung in die Debatte um die k\u00fcnftige Nutzung des Areals des Strafjustizzentrums kommt und es von Seiten der Regierungsfraktionen im Landtag ein Angebot an die Stadt gibt, habe ich f\u00fcr meine Fraktion im Bezirksausschuss Forderungen formuliert, um der Stadt bei k\u00fcnftigen Verhandlungen den R\u00fccken zu st\u00e4rken &#8211; beide Antr\u00e4ge wurden mit einer Gegenstimme im Plenum beschlossen &#8211; mit den Stimmen der CSU-Fraktion.<\/p>\n\n\n\n<div style=\"height:20px\" aria-hidden=\"true\" class=\"wp-block-spacer\"><\/div>\n\n\n\n<p class=\"has-text-align-left wp-block-paragraph\"><strong>Unsere Forderungen:<\/strong><\/p>\n\n\n\n<p class=\"has-text-align-left wp-block-paragraph\"><strong><a href=\"http:\/\/florina-vilgertshofer.de\/wp-content\/uploads\/2025\/11\/2501024_Freitstaat-Justizzentrum.pdf\" target=\"_blank\" rel=\"noreferrer noopener\">Gemeinsam Verantwortung f\u00fcr die Entwicklung des Strafjustizzentrums-Areals tragen! <\/a><\/strong>&#8211; Kein Abw\u00e4lzen der Kosten f\u00fcr die Entwicklung des Areals an die Kommune!<\/p>\n\n\n\n<p class=\"has-text-align-left wp-block-paragraph\"><strong><a href=\"http:\/\/florina-vilgertshofer.de\/wp-content\/uploads\/2025\/11\/2501024_SJZ_Genossenschaften.pdf\" target=\"_blank\" rel=\"noreferrer noopener\">Fu\u0308r ein gemeinwohlorientiertes, nachhaltiges Stadtquartier am Strafjustizzentrum!<\/a> <\/strong>&#8211; Stadt und Freistaat sollen in Gespr\u00e4che mit Genossenschaften und weitern gemeinwohlorientierten Bautr\u00e4gern zu treten, um die Entwicklung des Areals gemeinsam zu bestreiten.<\/p>\n\n\n\n<div style=\"height:30px\" aria-hidden=\"true\" class=\"wp-block-spacer\"><\/div>\n\n\n\n<div class=\"wp-block-cover is-light\"><img loading=\"lazy\" decoding=\"async\" width=\"951\" height=\"535\" class=\"wp-block-cover__image-background wp-image-1700\" alt=\"\" src=\"https:\/\/florina-vilgertshofer.de\/wp-content\/uploads\/2026\/08\/Strafjustizzentrum-edited.jpg\" data-object-fit=\"cover\" srcset=\"https:\/\/florina-vilgertshofer.de\/wp-content\/uploads\/2026\/08\/Strafjustizzentrum-edited.jpg 951w, https:\/\/florina-vilgertshofer.de\/wp-content\/uploads\/2026\/08\/Strafjustizzentrum-edited-300x169.jpg 300w, https:\/\/florina-vilgertshofer.de\/wp-content\/uploads\/2026\/08\/Strafjustizzentrum-edited-768x432.jpg 768w\" sizes=\"auto, (max-width: 951px) 100vw, 951px\" \/><span aria-hidden=\"true\" class=\"wp-block-cover__background has-background-dim-0 has-background-dim\" style=\"background-color:#818581\"><\/span><div class=\"wp-block-cover__inner-container is-layout-flow wp-block-cover-is-layout-flow\">\n<p class=\"has-text-align-center has-large-font-size wp-block-paragraph\"><\/p>\n<\/div><\/div>\n\n\n\n<p class=\"has-text-align-center wp-block-paragraph\"><\/p>\n\n\n\n<hr class=\"wp-block-separator has-alpha-channel-opacity\"\/>\n\n\n\n<p class=\"wp-block-paragraph\"><\/p>\n","protected":false},"excerpt":{"rendered":"<p>11. November 2025 &#8211; Nachdem auf Grund der Petition &#8222;Wohnraum statt Rendite &#8211; Verkauf des Justizzentrums stoppen&#8220; Bewegung in die Debatte um die k\u00fcnftige Nutzung des Areals des Strafjustizzentrums kommt und es von Seiten der Regierungsfraktionen im Landtag ein Angebot an die Stadt gibt, habe ich f\u00fcr meine Fraktion im Bezirksausschuss Forderungen formuliert. <\/p>\n","protected":false},"author":-1,"featured_media":1620,"comment_status":"closed","ping_status":"open","sticky":false,"template":"","format":"standard","meta":{"footnotes":""},"categories":[15,1],"tags":[11,31,9],"class_list":["post-1645","post","type-post","status-publish","format-standard","has-post-thumbnail","hentry","category-aktuelles","category-bezirksausschuss","tag-bezirksausschuss","tag-bodenpolitik","tag-maxvorstadt"],"yoast_head":"<!-- This site is optimized with the Yoast SEO plugin v28.3 - https:\/\/yoast.com\/product\/yoast-seo-wordpress\/ -->\n<title>Florina Vilgertshofer I Gr\u00fcne Direktkandidatin<\/title>\n<meta name=\"robots\" content=\"index, follow, max-snippet:-1, max-image-preview:large, max-video-preview:-1\" \/>\n<link rel=\"canonical\" href=\"https:\/\/florina-vilgertshofer.de\/?p=1645\" \/>\n<meta property=\"og:locale\" content=\"de_DE\" \/>\n<meta property=\"og:type\" content=\"article\" \/>\n<meta property=\"og:title\" content=\"Florina Vilgertshofer I Gr\u00fcne Direktkandidatin\" \/>\n<meta property=\"og:description\" content=\"11. November 2025 - Nachdem auf Grund der Petition &quot;Wohnraum statt Rendite - Verkauf des Justizzentrums stoppen&quot; Bewegung in die Debatte um die k\u00fcnftige Nutzung des Areals des Strafjustizzentrums kommt und es von Seiten der Regierungsfraktionen im Landtag ein Angebot an die Stadt gibt, habe ich f\u00fcr meine Fraktion im Bezirksausschuss Forderungen formuliert.\" \/>\n<meta property=\"og:url\" content=\"https:\/\/florina-vilgertshofer.de\/?p=1645\" \/>\n<meta property=\"og:site_name\" content=\"Florina Vilgertshofer\" \/>\n<meta property=\"article:publisher\" content=\"https:\/\/www.facebook.com\/minny.cooper.9\" \/>\n<meta property=\"article:author\" content=\"https:\/\/www.facebook.com\/minny.cooper.9\" \/>\n<meta property=\"article:published_time\" content=\"2025-11-11T20:02:03+00:00\" \/>\n<meta property=\"article:modified_time\" content=\"2026-08-25T20:11:25+00:00\" \/>\n<meta property=\"og:image\" content=\"http:\/\/florina-vilgertshofer.de\/wp-content\/uploads\/2025\/08\/Strafjustizzentrum.jpg\" \/>\n\t<meta property=\"og:image:width\" content=\"951\" \/>\n\t<meta property=\"og:image:height\" content=\"962\" \/>\n\t<meta property=\"og:image:type\" content=\"image\/jpeg\" \/>\n<meta name=\"author\" content=\"admin\" \/>\n<meta name=\"twitter:card\" content=\"summary_large_image\" \/>\n<meta name=\"twitter:label1\" content=\"Verfasst von\" \/>\n\t<meta name=\"twitter:data1\" content=\"\" \/>\n\t<meta name=\"twitter:label2\" content=\"Gesch\u00e4tzte Lesezeit\" \/>\n\t<meta name=\"twitter:data2\" content=\"2\u00a0Minuten\" \/>\n<script type=\"application\/ld+json\" class=\"yoast-schema-graph\">{\"@context\":\"https:\\\/\\\/schema.org\",\"@graph\":[{\"@type\":\"Article\",\"@id\":\"https:\\\/\\\/florina-vilgertshofer.de\\\/?p=1645#article\",\"isPartOf\":{\"@id\":\"https:\\\/\\\/florina-vilgertshofer.de\\\/?p=1645\"},\"author\":{\"name\":\"admin\",\"@id\":\"https:\\\/\\\/florina-vilgertshofer.de\\\/#\\\/schema\\\/person\\\/c634068ffbadf5345d5be6795bfe2fe7\"},\"headline\":\"STRAFJUSTIZZENTRUM &#8211; MEINE ANTR\u00c4GE IM BEZIKRSAUSSCHUSS\",\"datePublished\":\"2025-11-11T20:02:03+00:00\",\"dateModified\":\"2026-08-25T20:11:25+00:00\",\"mainEntityOfPage\":{\"@id\":\"https:\\\/\\\/florina-vilgertshofer.de\\\/?p=1645\"},\"wordCount\":157,\"publisher\":{\"@id\":\"https:\\\/\\\/florina-vilgertshofer.de\\\/#\\\/schema\\\/person\\\/c634068ffbadf5345d5be6795bfe2fe7\"},\"image\":{\"@id\":\"https:\\\/\\\/florina-vilgertshofer.de\\\/?p=1645#primaryimage\"},\"thumbnailUrl\":\"https:\\\/\\\/florina-vilgertshofer.de\\\/wp-content\\\/uploads\\\/2025\\\/08\\\/Strafjustizzentrum.jpg\",\"keywords\":[\"Bezirksausschuss\",\"Bodenpolitik\",\"Maxvorstadt\"],\"articleSection\":[\"Aktuelles\",\"Bezirksausschuss\"],\"inLanguage\":\"de\"},{\"@type\":\"WebPage\",\"@id\":\"https:\\\/\\\/florina-vilgertshofer.de\\\/?p=1645\",\"url\":\"https:\\\/\\\/florina-vilgertshofer.de\\\/?p=1645\",\"name\":\"Florina Vilgertshofer I Gr\u00fcne Direktkandidatin\",\"isPartOf\":{\"@id\":\"https:\\\/\\\/florina-vilgertshofer.de\\\/#website\"},\"primaryImageOfPage\":{\"@id\":\"https:\\\/\\\/florina-vilgertshofer.de\\\/?p=1645#primaryimage\"},\"image\":{\"@id\":\"https:\\\/\\\/florina-vilgertshofer.de\\\/?p=1645#primaryimage\"},\"thumbnailUrl\":\"https:\\\/\\\/florina-vilgertshofer.de\\\/wp-content\\\/uploads\\\/2025\\\/08\\\/Strafjustizzentrum.jpg\",\"datePublished\":\"2025-11-11T20:02:03+00:00\",\"dateModified\":\"2026-08-25T20:11:25+00:00\",\"breadcrumb\":{\"@id\":\"https:\\\/\\\/florina-vilgertshofer.de\\\/?p=1645#breadcrumb\"},\"inLanguage\":\"de\",\"potentialAction\":[{\"@type\":\"ReadAction\",\"target\":[\"https:\\\/\\\/florina-vilgertshofer.de\\\/?p=1645\"]}]},{\"@type\":\"ImageObject\",\"inLanguage\":\"de\",\"@id\":\"https:\\\/\\\/florina-vilgertshofer.de\\\/?p=1645#primaryimage\",\"url\":\"https:\\\/\\\/florina-vilgertshofer.de\\\/wp-content\\\/uploads\\\/2025\\\/08\\\/Strafjustizzentrum.jpg\",\"contentUrl\":\"https:\\\/\\\/florina-vilgertshofer.de\\\/wp-content\\\/uploads\\\/2025\\\/08\\\/Strafjustizzentrum.jpg\",\"width\":951,\"height\":962},{\"@type\":\"BreadcrumbList\",\"@id\":\"https:\\\/\\\/florina-vilgertshofer.de\\\/?p=1645#breadcrumb\",\"itemListElement\":[{\"@type\":\"ListItem\",\"position\":1,\"name\":\"Startseite\",\"item\":\"https:\\\/\\\/florina-vilgertshofer.de\\\/\"},{\"@type\":\"ListItem\",\"position\":2,\"name\":\"STRAFJUSTIZZENTRUM &#8211; MEINE ANTR\u00c4GE IM BEZIKRSAUSSCHUSS\"}]},{\"@type\":\"WebSite\",\"@id\":\"https:\\\/\\\/florina-vilgertshofer.de\\\/#website\",\"url\":\"https:\\\/\\\/florina-vilgertshofer.de\\\/\",\"name\":\"Florina Vilgertshofer\",\"description\":\"Bezirksr\u00e4tin I Kulturpolitikerin\",\"publisher\":{\"@id\":\"https:\\\/\\\/florina-vilgertshofer.de\\\/#\\\/schema\\\/person\\\/c634068ffbadf5345d5be6795bfe2fe7\"},\"alternateName\":\"Fina Vilgertshofer\",\"potentialAction\":[{\"@type\":\"SearchAction\",\"target\":{\"@type\":\"EntryPoint\",\"urlTemplate\":\"https:\\\/\\\/florina-vilgertshofer.de\\\/?s={search_term_string}\"},\"query-input\":{\"@type\":\"PropertyValueSpecification\",\"valueRequired\":true,\"valueName\":\"search_term_string\"}}],\"inLanguage\":\"de\"},{\"@type\":[\"Person\",\"Organization\"],\"@id\":\"https:\\\/\\\/florina-vilgertshofer.de\\\/#\\\/schema\\\/person\\\/c634068ffbadf5345d5be6795bfe2fe7\",\"name\":\"admin\",\"image\":{\"@type\":\"ImageObject\",\"inLanguage\":\"de\",\"@id\":\"http:\\\/\\\/florina-vilgertshofer.de\\\/wp-content\\\/uploads\\\/2023\\\/02\\\/florina-vilgertshofer-gruene-muenchen-schwabing-kandidatin-bezirkstag_breit-scaled.jpg\",\"url\":\"http:\\\/\\\/florina-vilgertshofer.de\\\/wp-content\\\/uploads\\\/2023\\\/02\\\/florina-vilgertshofer-gruene-muenchen-schwabing-kandidatin-bezirkstag_breit-scaled.jpg\",\"contentUrl\":\"http:\\\/\\\/florina-vilgertshofer.de\\\/wp-content\\\/uploads\\\/2023\\\/02\\\/florina-vilgertshofer-gruene-muenchen-schwabing-kandidatin-bezirkstag_breit-scaled.jpg\",\"width\":2560,\"height\":1209,\"caption\":\"admin\"},\"logo\":{\"@id\":\"http:\\\/\\\/florina-vilgertshofer.de\\\/wp-content\\\/uploads\\\/2023\\\/02\\\/florina-vilgertshofer-gruene-muenchen-schwabing-kandidatin-bezirkstag_breit-scaled.jpg\"},\"sameAs\":[\"http:\\\/\\\/florina-vilgertshofer.de\",\"https:\\\/\\\/www.facebook.com\\\/minny.cooper.9\",\"https:\\\/\\\/www.instagram.com\\\/finafinch\\\/\",\"https:\\\/\\\/www.linkedin.com\\\/in\\\/florina-fina-vilgertshofer-a5320093\\\/\"],\"url\":\"https:\\\/\\\/florina-vilgertshofer.de\\\/?author=1\"}]}<\/script>\n<!-- \/ Yoast SEO plugin. -->","yoast_head_json":{"title":"Florina Vilgertshofer I Gr\u00fcne Direktkandidatin","robots":{"index":"index","follow":"follow","max-snippet":"max-snippet:-1","max-image-preview":"max-image-preview:large","max-video-preview":"max-video-preview:-1"},"canonical":"https:\/\/florina-vilgertshofer.de\/?p=1645","og_locale":"de_DE","og_type":"article","og_title":"Florina Vilgertshofer I Gr\u00fcne Direktkandidatin","og_description":"11. November 2025 - Nachdem auf Grund der Petition \"Wohnraum statt Rendite - Verkauf des Justizzentrums stoppen\" Bewegung in die Debatte um die k\u00fcnftige Nutzung des Areals des Strafjustizzentrums kommt und es von Seiten der Regierungsfraktionen im Landtag ein Angebot an die Stadt gibt, habe ich f\u00fcr meine Fraktion im Bezirksausschuss Forderungen formuliert.","og_url":"https:\/\/florina-vilgertshofer.de\/?p=1645","og_site_name":"Florina Vilgertshofer","article_publisher":"https:\/\/www.facebook.com\/minny.cooper.9","article_author":"https:\/\/www.facebook.com\/minny.cooper.9","article_published_time":"2025-11-11T20:02:03+00:00","article_modified_time":"2026-08-25T20:11:25+00:00","og_image":[{"width":951,"height":962,"url":"http:\/\/florina-vilgertshofer.de\/wp-content\/uploads\/2025\/08\/Strafjustizzentrum.jpg","type":"image\/jpeg"}],"author":"admin","twitter_card":"summary_large_image","twitter_misc":{"Verfasst von":false,"Gesch\u00e4tzte Lesezeit":"2\u00a0Minuten"},"schema":{"@context":"https:\/\/schema.org","@graph":[{"@type":"Article","@id":"https:\/\/florina-vilgertshofer.de\/?p=1645#article","isPartOf":{"@id":"https:\/\/florina-vilgertshofer.de\/?p=1645"},"author":{"name":"admin","@id":"https:\/\/florina-vilgertshofer.de\/#\/schema\/person\/c634068ffbadf5345d5be6795bfe2fe7"},"headline":"STRAFJUSTIZZENTRUM &#8211; MEINE ANTR\u00c4GE IM BEZIKRSAUSSCHUSS","datePublished":"2025-11-11T20:02:03+00:00","dateModified":"2026-08-25T20:11:25+00:00","mainEntityOfPage":{"@id":"https:\/\/florina-vilgertshofer.de\/?p=1645"},"wordCount":157,"publisher":{"@id":"https:\/\/florina-vilgertshofer.de\/#\/schema\/person\/c634068ffbadf5345d5be6795bfe2fe7"},"image":{"@id":"https:\/\/florina-vilgertshofer.de\/?p=1645#primaryimage"},"thumbnailUrl":"https:\/\/florina-vilgertshofer.de\/wp-content\/uploads\/2025\/08\/Strafjustizzentrum.jpg","keywords":["Bezirksausschuss","Bodenpolitik","Maxvorstadt"],"articleSection":["Aktuelles","Bezirksausschuss"],"inLanguage":"de"},{"@type":"WebPage","@id":"https:\/\/florina-vilgertshofer.de\/?p=1645","url":"https:\/\/florina-vilgertshofer.de\/?p=1645","name":"Florina Vilgertshofer I Gr\u00fcne Direktkandidatin","isPartOf":{"@id":"https:\/\/florina-vilgertshofer.de\/#website"},"primaryImageOfPage":{"@id":"https:\/\/florina-vilgertshofer.de\/?p=1645#primaryimage"},"image":{"@id":"https:\/\/florina-vilgertshofer.de\/?p=1645#primaryimage"},"thumbnailUrl":"https:\/\/florina-vilgertshofer.de\/wp-content\/uploads\/2025\/08\/Strafjustizzentrum.jpg","datePublished":"2025-11-11T20:02:03+00:00","dateModified":"2026-08-25T20:11:25+00:00","breadcrumb":{"@id":"https:\/\/florina-vilgertshofer.de\/?p=1645#breadcrumb"},"inLanguage":"de","potentialAction":[{"@type":"ReadAction","target":["https:\/\/florina-vilgertshofer.de\/?p=1645"]}]},{"@type":"ImageObject","inLanguage":"de","@id":"https:\/\/florina-vilgertshofer.de\/?p=1645#primaryimage","url":"https:\/\/florina-vilgertshofer.de\/wp-content\/uploads\/2025\/08\/Strafjustizzentrum.jpg","contentUrl":"https:\/\/florina-vilgertshofer.de\/wp-content\/uploads\/2025\/08\/Strafjustizzentrum.jpg","width":951,"height":962},{"@type":"BreadcrumbList","@id":"https:\/\/florina-vilgertshofer.de\/?p=1645#breadcrumb","itemListElement":[{"@type":"ListItem","position":1,"name":"Startseite","item":"https:\/\/florina-vilgertshofer.de\/"},{"@type":"ListItem","position":2,"name":"STRAFJUSTIZZENTRUM &#8211; MEINE ANTR\u00c4GE IM BEZIKRSAUSSCHUSS"}]},{"@type":"WebSite","@id":"https:\/\/florina-vilgertshofer.de\/#website","url":"https:\/\/florina-vilgertshofer.de\/","name":"Florina Vilgertshofer","description":"Bezirksr\u00e4tin I Kulturpolitikerin","publisher":{"@id":"https:\/\/florina-vilgertshofer.de\/#\/schema\/person\/c634068ffbadf5345d5be6795bfe2fe7"},"alternateName":"Fina Vilgertshofer","potentialAction":[{"@type":"SearchAction","target":{"@type":"EntryPoint","urlTemplate":"https:\/\/florina-vilgertshofer.de\/?s={search_term_string}"},"query-input":{"@type":"PropertyValueSpecification","valueRequired":true,"valueName":"search_term_string"}}],"inLanguage":"de"},{"@type":["Person","Organization"],"@id":"https:\/\/florina-vilgertshofer.de\/#\/schema\/person\/c634068ffbadf5345d5be6795bfe2fe7","name":"admin","image":{"@type":"ImageObject","inLanguage":"de","@id":"http:\/\/florina-vilgertshofer.de\/wp-content\/uploads\/2023\/02\/florina-vilgertshofer-gruene-muenchen-schwabing-kandidatin-bezirkstag_breit-scaled.jpg","url":"http:\/\/florina-vilgertshofer.de\/wp-content\/uploads\/2023\/02\/florina-vilgertshofer-gruene-muenchen-schwabing-kandidatin-bezirkstag_breit-scaled.jpg","contentUrl":"http:\/\/florina-vilgertshofer.de\/wp-content\/uploads\/2023\/02\/florina-vilgertshofer-gruene-muenchen-schwabing-kandidatin-bezirkstag_breit-scaled.jpg","width":2560,"height":1209,"caption":"admin"},"logo":{"@id":"http:\/\/florina-vilgertshofer.de\/wp-content\/uploads\/2023\/02\/florina-vilgertshofer-gruene-muenchen-schwabing-kandidatin-bezirkstag_breit-scaled.jpg"},"sameAs":["http:\/\/florina-vilgertshofer.de","https:\/\/www.facebook.com\/minny.cooper.9","https:\/\/www.instagram.com\/finafinch\/","https:\/\/www.linkedin.com\/in\/florina-fina-vilgertshofer-a5320093\/"],"url":"https:\/\/florina-vilgertshofer.de\/?author=1"}]}},"_links":{"self":[{"href":"https:\/\/florina-vilgertshofer.de\/index.php?rest_route=\/wp\/v2\/posts\/1645","targetHints":{"allow":["GET"]}}],"collection":[{"href":"https:\/\/florina-vilgertshofer.de\/index.php?rest_route=\/wp\/v2\/posts"}],"about":[{"href":"https:\/\/florina-vilgertshofer.de\/index.php?rest_route=\/wp\/v2\/types\/post"}],"author":[{"embeddable":true,"href":"https:\/\/florina-vilgertshofer.de\/index.php?rest_route=\/wp\/v2\/users\/1"}],"replies":[{"embeddable":true,"href":"https:\/\/florina-vilgertshofer.de\/index.php?rest_route=%2Fwp%2Fv2%2Fcomments&post=1645"}],"version-history":[{"count":10,"href":"https:\/\/florina-vilgertshofer.de\/index.php?rest_route=\/wp\/v2\/posts\/1645\/revisions"}],"predecessor-version":[{"id":1707,"href":"https:\/\/florina-vilgertshofer.de\/index.php?rest_route=\/wp\/v2\/posts\/1645\/revisions\/1707"}],"wp:featuredmedia":[{"embeddable":true,"href":"https:\/\/florina-vilgertshofer.de\/index.php?rest_route=\/wp\/v2\/media\/1620"}],"wp:attachment":[{"href":"https:\/\/florina-vilgertshofer.de\/index.php?rest_route=%2Fwp%2Fv2%2Fmedia&parent=1645"}],"wp:term":[{"taxonomy":"category","embeddable":true,"href":"https:\/\/florina-vilgertshofer.de\/index.php?rest_route=%2Fwp%2Fv2%2Fcategories&post=1645"},{"taxonomy":"post_tag","embeddable":true,"href":"https:\/\/florina-vilgertshofer.de\/index.php?rest_route=%2Fwp%2Fv2%2Ftags&post=1645"}],"curies":[{"name":"wp","href":"https:\/\/api.w.org\/{rel}","templated":true}]}}