{"id":1480,"date":"2024-12-04T22:58:30","date_gmt":"2024-12-04T22:58:30","guid":{"rendered":"https:\/\/florina-vilgertshofer.de\/?p=1480"},"modified":"2025-01-05T11:13:31","modified_gmt":"2025-01-05T11:13:31","slug":"muellflut","status":"publish","type":"post","link":"https:\/\/florina-vilgertshofer.de\/?p=1480","title":{"rendered":"M\u00fcllflut in der Maxvorstadt eind\u00e4mmen!"},"content":{"rendered":"\n<div style=\"height:66px\" aria-hidden=\"true\" class=\"wp-block-spacer\"><\/div>\n\n\n\n<h5 class=\"wp-block-heading has-tanne-color has-text-color has-link-color wp-elements-ded06d3a12e17ac022b57641a2b9f6f0\" style=\"font-size:clamp(18.959px, 1.185rem + ((1vw - 3.2px) * 1.255), 30px);text-transform:uppercase\">M\u00fcllflut in der Maxvorstadt eind\u00e4mmen! &#8211; ANtrag in der Dezembersitzung des BA 3<\/h5>\n\n\n\n<p>Dezember 2024 \u2022 Um M\u00fcll von Einwegverpackungen zu reduzieren, gibt es seit Januar 2023 eine Pflicht f\u00fcr Gastronomiebetriebe, Mehrwegverpackungen anzubieten &#8211; jedenfalls ab einer gewissen Gr\u00f6\u00dfe. In der T\u00fcrkensta\u00dfe und in anderen belebten Ecken der Maxvorstadt entsteht dennoch unglaublich viel M\u00fcll auf Grund von Einwegbechern oder \u00e4hnliches &#8211; oft, weil keine Mehrwegalternative angeboten wird. <br>Deshalb fordern wir im BA 3 auf Initiative der Gr\u00fcnen das KVR auf, die Betriebe an ihre gesetzliche Pflicht zu erinnern und damit die Nutzung von Mehrwegbechern zu f\u00f6rdern. <a href=\"http:\/\/florina-vilgertshofer.de\/wp-content\/uploads\/2024\/12\/Antrag-Gruene-Maxvorstadt-Mehrweg-Gastro-Muell-stopp.pdf\" target=\"_blank\" rel=\"noreferrer noopener\">Den gesamten Antrag findest du hier. <\/a><\/p>\n\n\n\n<hr class=\"wp-block-separator has-alpha-channel-opacity\"\/>\n","protected":false},"excerpt":{"rendered":"<p>4. Dezember 2024 \u2022 Um M\u00fcll von Einwegverpackungen zu reduzieren, gibt es seit Januar 2023 eine Pflicht f\u00fcr Gastronomiebetriebe, Mehrwegverpackungen anzubieten &#8211; jedenfalls ab einer gewissen Gr\u00f6\u00dfe. <\/p>\n","protected":false},"author":-1,"featured_media":1484,"comment_status":"closed","ping_status":"open","sticky":false,"template":"","format":"standard","meta":{"footnotes":""},"categories":[15,1],"tags":[11,23,9],"class_list":["post-1480","post","type-post","status-publish","format-standard","has-post-thumbnail","hentry","category-aktuelles","category-bezirksausschuss","tag-bezirksausschuss","tag-gruene","tag-maxvorstadt"],"yoast_head":"<!-- This site is optimized with the Yoast SEO plugin v25.7 - https:\/\/yoast.com\/wordpress\/plugins\/seo\/ -->\n<title>Florina Vilgertshofer I Gr\u00fcne Direktkandidatin<\/title>\n<meta name=\"robots\" content=\"index, follow, max-snippet:-1, max-image-preview:large, max-video-preview:-1\" \/>\n<link rel=\"canonical\" href=\"https:\/\/florina-vilgertshofer.de\/?p=1480\" \/>\n<meta property=\"og:locale\" content=\"de_DE\" \/>\n<meta property=\"og:type\" content=\"article\" \/>\n<meta property=\"og:title\" content=\"Florina Vilgertshofer I Gr\u00fcne Direktkandidatin\" \/>\n<meta property=\"og:description\" content=\"4. Dezember 2024 \u2022 Um M\u00fcll von Einwegverpackungen zu reduzieren, gibt es seit Januar 2023 eine Pflicht f\u00fcr Gastronomiebetriebe, Mehrwegverpackungen anzubieten - jedenfalls ab einer gewissen Gr\u00f6\u00dfe.\" \/>\n<meta property=\"og:url\" content=\"https:\/\/florina-vilgertshofer.de\/?p=1480\" \/>\n<meta property=\"og:site_name\" content=\"Florina Vilgertshofer\" \/>\n<meta property=\"article:publisher\" content=\"https:\/\/www.facebook.com\/minny.cooper.9\" \/>\n<meta property=\"article:author\" content=\"https:\/\/www.facebook.com\/minny.cooper.9\" \/>\n<meta property=\"article:published_time\" content=\"2024-12-04T22:58:30+00:00\" \/>\n<meta property=\"article:modified_time\" content=\"2025-01-05T11:13:31+00:00\" \/>\n<meta property=\"og:image\" content=\"http:\/\/florina-vilgertshofer.de\/wp-content\/uploads\/2024\/12\/Maxvorstadt_Muell_Bezirksausschus-scaled.jpeg\" \/>\n\t<meta property=\"og:image:width\" content=\"2560\" \/>\n\t<meta property=\"og:image:height\" content=\"1440\" \/>\n\t<meta property=\"og:image:type\" content=\"image\/jpeg\" \/>\n<meta name=\"author\" content=\"admin\" \/>\n<meta name=\"twitter:card\" content=\"summary_large_image\" \/>\n<meta name=\"twitter:label1\" content=\"Verfasst von\" \/>\n\t<meta name=\"twitter:data1\" content=\"\" \/>\n\t<meta name=\"twitter:label2\" content=\"Gesch\u00e4tzte Lesezeit\" \/>\n\t<meta name=\"twitter:data2\" content=\"1\u00a0Minute\" \/>\n<script type=\"application\/ld+json\" class=\"yoast-schema-graph\">{\"@context\":\"https:\/\/schema.org\",\"@graph\":[{\"@type\":\"Article\",\"@id\":\"https:\/\/florina-vilgertshofer.de\/?p=1480#article\",\"isPartOf\":{\"@id\":\"https:\/\/florina-vilgertshofer.de\/?p=1480\"},\"author\":{\"name\":\"admin\",\"@id\":\"https:\/\/florina-vilgertshofer.de\/#\/schema\/person\/c634068ffbadf5345d5be6795bfe2fe7\"},\"headline\":\"M\u00fcllflut in der Maxvorstadt eind\u00e4mmen!\",\"datePublished\":\"2024-12-04T22:58:30+00:00\",\"dateModified\":\"2025-01-05T11:13:31+00:00\",\"mainEntityOfPage\":{\"@id\":\"https:\/\/florina-vilgertshofer.de\/?p=1480\"},\"wordCount\":114,\"publisher\":{\"@id\":\"https:\/\/florina-vilgertshofer.de\/#\/schema\/person\/c634068ffbadf5345d5be6795bfe2fe7\"},\"image\":{\"@id\":\"https:\/\/florina-vilgertshofer.de\/?p=1480#primaryimage\"},\"thumbnailUrl\":\"https:\/\/florina-vilgertshofer.de\/wp-content\/uploads\/2024\/12\/Maxvorstadt_Muell_Bezirksausschus-scaled.jpeg\",\"keywords\":[\"Bezirksausschuss\",\"Gr\u00fcne\",\"Maxvorstadt\"],\"articleSection\":[\"Aktuelles\",\"Bezirksausschuss\"],\"inLanguage\":\"de\"},{\"@type\":\"WebPage\",\"@id\":\"https:\/\/florina-vilgertshofer.de\/?p=1480\",\"url\":\"https:\/\/florina-vilgertshofer.de\/?p=1480\",\"name\":\"Florina Vilgertshofer I Gr\u00fcne Direktkandidatin\",\"isPartOf\":{\"@id\":\"https:\/\/florina-vilgertshofer.de\/#website\"},\"primaryImageOfPage\":{\"@id\":\"https:\/\/florina-vilgertshofer.de\/?p=1480#primaryimage\"},\"image\":{\"@id\":\"https:\/\/florina-vilgertshofer.de\/?p=1480#primaryimage\"},\"thumbnailUrl\":\"https:\/\/florina-vilgertshofer.de\/wp-content\/uploads\/2024\/12\/Maxvorstadt_Muell_Bezirksausschus-scaled.jpeg\",\"datePublished\":\"2024-12-04T22:58:30+00:00\",\"dateModified\":\"2025-01-05T11:13:31+00:00\",\"breadcrumb\":{\"@id\":\"https:\/\/florina-vilgertshofer.de\/?p=1480#breadcrumb\"},\"inLanguage\":\"de\",\"potentialAction\":[{\"@type\":\"ReadAction\",\"target\":[\"https:\/\/florina-vilgertshofer.de\/?p=1480\"]}]},{\"@type\":\"ImageObject\",\"inLanguage\":\"de\",\"@id\":\"https:\/\/florina-vilgertshofer.de\/?p=1480#primaryimage\",\"url\":\"https:\/\/florina-vilgertshofer.de\/wp-content\/uploads\/2024\/12\/Maxvorstadt_Muell_Bezirksausschus-scaled.jpeg\",\"contentUrl\":\"https:\/\/florina-vilgertshofer.de\/wp-content\/uploads\/2024\/12\/Maxvorstadt_Muell_Bezirksausschus-scaled.jpeg\",\"width\":2560,\"height\":1440},{\"@type\":\"BreadcrumbList\",\"@id\":\"https:\/\/florina-vilgertshofer.de\/?p=1480#breadcrumb\",\"itemListElement\":[{\"@type\":\"ListItem\",\"position\":1,\"name\":\"Startseite\",\"item\":\"https:\/\/florina-vilgertshofer.de\/\"},{\"@type\":\"ListItem\",\"position\":2,\"name\":\"M\u00fcllflut in der Maxvorstadt eind\u00e4mmen!\"}]},{\"@type\":\"WebSite\",\"@id\":\"https:\/\/florina-vilgertshofer.de\/#website\",\"url\":\"https:\/\/florina-vilgertshofer.de\/\",\"name\":\"Florina Vilgertshofer\",\"description\":\"Bezirksr\u00e4tin I Kulturpolitikerin\",\"publisher\":{\"@id\":\"https:\/\/florina-vilgertshofer.de\/#\/schema\/person\/c634068ffbadf5345d5be6795bfe2fe7\"},\"alternateName\":\"Fina Vilgertshofer\",\"potentialAction\":[{\"@type\":\"SearchAction\",\"target\":{\"@type\":\"EntryPoint\",\"urlTemplate\":\"https:\/\/florina-vilgertshofer.de\/?s={search_term_string}\"},\"query-input\":{\"@type\":\"PropertyValueSpecification\",\"valueRequired\":true,\"valueName\":\"search_term_string\"}}],\"inLanguage\":\"de\"},{\"@type\":[\"Person\",\"Organization\"],\"@id\":\"https:\/\/florina-vilgertshofer.de\/#\/schema\/person\/c634068ffbadf5345d5be6795bfe2fe7\",\"name\":\"admin\",\"image\":{\"@type\":\"ImageObject\",\"inLanguage\":\"de\",\"@id\":\"https:\/\/florina-vilgertshofer.de\/#\/schema\/person\/image\/\",\"url\":\"http:\/\/florina-vilgertshofer.de\/wp-content\/uploads\/2023\/02\/florina-vilgertshofer-gruene-muenchen-schwabing-kandidatin-bezirkstag_breit-scaled.jpg\",\"contentUrl\":\"http:\/\/florina-vilgertshofer.de\/wp-content\/uploads\/2023\/02\/florina-vilgertshofer-gruene-muenchen-schwabing-kandidatin-bezirkstag_breit-scaled.jpg\",\"width\":2560,\"height\":1209,\"caption\":\"admin\"},\"logo\":{\"@id\":\"https:\/\/florina-vilgertshofer.de\/#\/schema\/person\/image\/\"},\"sameAs\":[\"http:\/\/florina-vilgertshofer.de\",\"https:\/\/www.facebook.com\/minny.cooper.9\",\"https:\/\/www.instagram.com\/finafinch\/\",\"https:\/\/www.linkedin.com\/in\/florina-fina-vilgertshofer-a5320093\/\"],\"url\":\"https:\/\/florina-vilgertshofer.de\/?author=1\"}]}<\/script>\n<!-- \/ Yoast SEO plugin. -->","yoast_head_json":{"title":"Florina Vilgertshofer I Gr\u00fcne Direktkandidatin","robots":{"index":"index","follow":"follow","max-snippet":"max-snippet:-1","max-image-preview":"max-image-preview:large","max-video-preview":"max-video-preview:-1"},"canonical":"https:\/\/florina-vilgertshofer.de\/?p=1480","og_locale":"de_DE","og_type":"article","og_title":"Florina Vilgertshofer I Gr\u00fcne Direktkandidatin","og_description":"4. Dezember 2024 \u2022 Um M\u00fcll von Einwegverpackungen zu reduzieren, gibt es seit Januar 2023 eine Pflicht f\u00fcr Gastronomiebetriebe, Mehrwegverpackungen anzubieten - jedenfalls ab einer gewissen Gr\u00f6\u00dfe.","og_url":"https:\/\/florina-vilgertshofer.de\/?p=1480","og_site_name":"Florina Vilgertshofer","article_publisher":"https:\/\/www.facebook.com\/minny.cooper.9","article_author":"https:\/\/www.facebook.com\/minny.cooper.9","article_published_time":"2024-12-04T22:58:30+00:00","article_modified_time":"2025-01-05T11:13:31+00:00","og_image":[{"width":2560,"height":1440,"url":"http:\/\/florina-vilgertshofer.de\/wp-content\/uploads\/2024\/12\/Maxvorstadt_Muell_Bezirksausschus-scaled.jpeg","type":"image\/jpeg"}],"author":"admin","twitter_card":"summary_large_image","twitter_misc":{"Verfasst von":false,"Gesch\u00e4tzte Lesezeit":"1\u00a0Minute"},"schema":{"@context":"https:\/\/schema.org","@graph":[{"@type":"Article","@id":"https:\/\/florina-vilgertshofer.de\/?p=1480#article","isPartOf":{"@id":"https:\/\/florina-vilgertshofer.de\/?p=1480"},"author":{"name":"admin","@id":"https:\/\/florina-vilgertshofer.de\/#\/schema\/person\/c634068ffbadf5345d5be6795bfe2fe7"},"headline":"M\u00fcllflut in der Maxvorstadt eind\u00e4mmen!","datePublished":"2024-12-04T22:58:30+00:00","dateModified":"2025-01-05T11:13:31+00:00","mainEntityOfPage":{"@id":"https:\/\/florina-vilgertshofer.de\/?p=1480"},"wordCount":114,"publisher":{"@id":"https:\/\/florina-vilgertshofer.de\/#\/schema\/person\/c634068ffbadf5345d5be6795bfe2fe7"},"image":{"@id":"https:\/\/florina-vilgertshofer.de\/?p=1480#primaryimage"},"thumbnailUrl":"https:\/\/florina-vilgertshofer.de\/wp-content\/uploads\/2024\/12\/Maxvorstadt_Muell_Bezirksausschus-scaled.jpeg","keywords":["Bezirksausschuss","Gr\u00fcne","Maxvorstadt"],"articleSection":["Aktuelles","Bezirksausschuss"],"inLanguage":"de"},{"@type":"WebPage","@id":"https:\/\/florina-vilgertshofer.de\/?p=1480","url":"https:\/\/florina-vilgertshofer.de\/?p=1480","name":"Florina Vilgertshofer I Gr\u00fcne Direktkandidatin","isPartOf":{"@id":"https:\/\/florina-vilgertshofer.de\/#website"},"primaryImageOfPage":{"@id":"https:\/\/florina-vilgertshofer.de\/?p=1480#primaryimage"},"image":{"@id":"https:\/\/florina-vilgertshofer.de\/?p=1480#primaryimage"},"thumbnailUrl":"https:\/\/florina-vilgertshofer.de\/wp-content\/uploads\/2024\/12\/Maxvorstadt_Muell_Bezirksausschus-scaled.jpeg","datePublished":"2024-12-04T22:58:30+00:00","dateModified":"2025-01-05T11:13:31+00:00","breadcrumb":{"@id":"https:\/\/florina-vilgertshofer.de\/?p=1480#breadcrumb"},"inLanguage":"de","potentialAction":[{"@type":"ReadAction","target":["https:\/\/florina-vilgertshofer.de\/?p=1480"]}]},{"@type":"ImageObject","inLanguage":"de","@id":"https:\/\/florina-vilgertshofer.de\/?p=1480#primaryimage","url":"https:\/\/florina-vilgertshofer.de\/wp-content\/uploads\/2024\/12\/Maxvorstadt_Muell_Bezirksausschus-scaled.jpeg","contentUrl":"https:\/\/florina-vilgertshofer.de\/wp-content\/uploads\/2024\/12\/Maxvorstadt_Muell_Bezirksausschus-scaled.jpeg","width":2560,"height":1440},{"@type":"BreadcrumbList","@id":"https:\/\/florina-vilgertshofer.de\/?p=1480#breadcrumb","itemListElement":[{"@type":"ListItem","position":1,"name":"Startseite","item":"https:\/\/florina-vilgertshofer.de\/"},{"@type":"ListItem","position":2,"name":"M\u00fcllflut in der Maxvorstadt eind\u00e4mmen!"}]},{"@type":"WebSite","@id":"https:\/\/florina-vilgertshofer.de\/#website","url":"https:\/\/florina-vilgertshofer.de\/","name":"Florina Vilgertshofer","description":"Bezirksr\u00e4tin I Kulturpolitikerin","publisher":{"@id":"https:\/\/florina-vilgertshofer.de\/#\/schema\/person\/c634068ffbadf5345d5be6795bfe2fe7"},"alternateName":"Fina Vilgertshofer","potentialAction":[{"@type":"SearchAction","target":{"@type":"EntryPoint","urlTemplate":"https:\/\/florina-vilgertshofer.de\/?s={search_term_string}"},"query-input":{"@type":"PropertyValueSpecification","valueRequired":true,"valueName":"search_term_string"}}],"inLanguage":"de"},{"@type":["Person","Organization"],"@id":"https:\/\/florina-vilgertshofer.de\/#\/schema\/person\/c634068ffbadf5345d5be6795bfe2fe7","name":"admin","image":{"@type":"ImageObject","inLanguage":"de","@id":"https:\/\/florina-vilgertshofer.de\/#\/schema\/person\/image\/","url":"http:\/\/florina-vilgertshofer.de\/wp-content\/uploads\/2023\/02\/florina-vilgertshofer-gruene-muenchen-schwabing-kandidatin-bezirkstag_breit-scaled.jpg","contentUrl":"http:\/\/florina-vilgertshofer.de\/wp-content\/uploads\/2023\/02\/florina-vilgertshofer-gruene-muenchen-schwabing-kandidatin-bezirkstag_breit-scaled.jpg","width":2560,"height":1209,"caption":"admin"},"logo":{"@id":"https:\/\/florina-vilgertshofer.de\/#\/schema\/person\/image\/"},"sameAs":["http:\/\/florina-vilgertshofer.de","https:\/\/www.facebook.com\/minny.cooper.9","https:\/\/www.instagram.com\/finafinch\/","https:\/\/www.linkedin.com\/in\/florina-fina-vilgertshofer-a5320093\/"],"url":"https:\/\/florina-vilgertshofer.de\/?author=1"}]}},"_links":{"self":[{"href":"https:\/\/florina-vilgertshofer.de\/index.php?rest_route=\/wp\/v2\/posts\/1480","targetHints":{"allow":["GET"]}}],"collection":[{"href":"https:\/\/florina-vilgertshofer.de\/index.php?rest_route=\/wp\/v2\/posts"}],"about":[{"href":"https:\/\/florina-vilgertshofer.de\/index.php?rest_route=\/wp\/v2\/types\/post"}],"author":[{"embeddable":true,"href":"https:\/\/florina-vilgertshofer.de\/index.php?rest_route=\/wp\/v2\/users\/1"}],"replies":[{"embeddable":true,"href":"https:\/\/florina-vilgertshofer.de\/index.php?rest_route=%2Fwp%2Fv2%2Fcomments&post=1480"}],"version-history":[{"count":3,"href":"https:\/\/florina-vilgertshofer.de\/index.php?rest_route=\/wp\/v2\/posts\/1480\/revisions"}],"predecessor-version":[{"id":1500,"href":"https:\/\/florina-vilgertshofer.de\/index.php?rest_route=\/wp\/v2\/posts\/1480\/revisions\/1500"}],"wp:featuredmedia":[{"embeddable":true,"href":"https:\/\/florina-vilgertshofer.de\/index.php?rest_route=\/wp\/v2\/media\/1484"}],"wp:attachment":[{"href":"https:\/\/florina-vilgertshofer.de\/index.php?rest_route=%2Fwp%2Fv2%2Fmedia&parent=1480"}],"wp:term":[{"taxonomy":"category","embeddable":true,"href":"https:\/\/florina-vilgertshofer.de\/index.php?rest_route=%2Fwp%2Fv2%2Fcategories&post=1480"},{"taxonomy":"post_tag","embeddable":true,"href":"https:\/\/florina-vilgertshofer.de\/index.php?rest_route=%2Fwp%2Fv2%2Ftags&post=1480"}],"curies":[{"name":"wp","href":"https:\/\/api.w.org\/{rel}","templated":true}]}}