{"id":1397,"date":"2024-05-31T07:42:27","date_gmt":"2024-05-31T07:42:27","guid":{"rendered":"https:\/\/florina-vilgertshofer.de\/?p=1397"},"modified":"2024-05-31T07:44:38","modified_gmt":"2024-05-31T07:44:38","slug":"bodenpolitik-freistaat","status":"publish","type":"post","link":"https:\/\/florina-vilgertshofer.de\/?p=1397","title":{"rendered":"Zur Bodenpolitik des Freistaats Bayern"},"content":{"rendered":"\n<div style=\"height:66px\" aria-hidden=\"true\" class=\"wp-block-spacer\"><\/div>\n\n\n\n<div class=\"wp-block-columns is-layout-flex wp-container-core-columns-is-layout-9d6595d7 wp-block-columns-is-layout-flex\">\n<div class=\"wp-block-column is-layout-flow wp-block-column-is-layout-flow\" style=\"flex-basis:2.5%\"><\/div>\n\n\n\n<div class=\"wp-block-column is-layout-flow wp-block-column-is-layout-flow\" style=\"flex-basis:60%\">\n<h5 class=\"wp-block-heading has-tanne-color has-text-color has-link-color wp-elements-6375fce441a0c5152c0c7e4e47356c70\" style=\"font-size:clamp(18.959px, 1.185rem + ((1vw - 3.2px) * 1.255), 30px);text-transform:uppercase\"><strong>ZUr Bodenpolitik des Freistaats Bayern<\/strong><\/h5>\n\n\n\n<p>\u2022 Seit Jahren verkauft der Freistaat Bayern Grundst\u00fccke auf dem Gebiet der Landeshauptstadt M\u00fcnchen meistbietend an Investoren. Kleiner Reminder: M\u00fcnchen ist die Stadt mit den h\u00f6chsten Mieten in Deutschland, und die Bodenpreise hier steigen seit Jahren rasant an. Bezahlbarer Wohnraum ist knapp, selbst Familien aus der Mittelschicht haben es mittlerweile schwer, eine geeignete Wohnung zu finden. F\u00fcr die Zeitschrift &#8222;Standpunkte&#8220; des <a href=\"https:\/\/muenchner-forum.de\/\">M\u00fcnchner Forum e.V.<\/a> habe ich einen Artikel zur Bodenpolitik des Freistaats geschrieben. Meine Forderung: Der Verkauf von Grundst\u00fccken zum H\u00f6chstgebot muss dringend gestoppt werden! Im derzeitigen angespannten Wohnungsmarkt d\u00fcrfen \u00f6ffentliche Grundst\u00fccke nur in Erbpacht vergeben werden, und zwar zu Zwecken, die im Interesse der Stadtgestellschaft sind. <a href=\"https:\/\/muenchner-forum.de\/wp-content\/uploads\/2024\/05\/Standpunkte2024_4-5-6-Wohnen_Bodenpolitk_WEB.pdf#page=4\">Den gesamten Artikel findet ihr hier.<\/a> <\/p>\n<\/div>\n\n\n\n<div class=\"wp-block-column is-vertically-aligned-center is-layout-flow wp-block-column-is-layout-flow\" style=\"flex-basis:37.5%\">\n<figure class=\"wp-block-image size-large\"><img loading=\"lazy\" decoding=\"async\" width=\"868\" height=\"1024\" src=\"http:\/\/florina-vilgertshofer.de\/wp-content\/uploads\/2024\/05\/Bodenpolitik-Freistaat-Bayern-Vilgertshofer-Florina-Gruene-Muenchen-868x1024.jpg\" alt=\"\" class=\"wp-image-1400\" srcset=\"https:\/\/florina-vilgertshofer.de\/wp-content\/uploads\/2024\/05\/Bodenpolitik-Freistaat-Bayern-Vilgertshofer-Florina-Gruene-Muenchen-868x1024.jpg 868w, https:\/\/florina-vilgertshofer.de\/wp-content\/uploads\/2024\/05\/Bodenpolitik-Freistaat-Bayern-Vilgertshofer-Florina-Gruene-Muenchen-254x300.jpg 254w, https:\/\/florina-vilgertshofer.de\/wp-content\/uploads\/2024\/05\/Bodenpolitik-Freistaat-Bayern-Vilgertshofer-Florina-Gruene-Muenchen-768x906.jpg 768w, https:\/\/florina-vilgertshofer.de\/wp-content\/uploads\/2024\/05\/Bodenpolitik-Freistaat-Bayern-Vilgertshofer-Florina-Gruene-Muenchen-1302x1536.jpg 1302w, https:\/\/florina-vilgertshofer.de\/wp-content\/uploads\/2024\/05\/Bodenpolitik-Freistaat-Bayern-Vilgertshofer-Florina-Gruene-Muenchen-1737x2048.jpg 1737w\" sizes=\"auto, (max-width: 868px) 100vw, 868px\" \/><\/figure>\n<\/div>\n<\/div>\n\n\n\n<div style=\"height:42px\" aria-hidden=\"true\" class=\"wp-block-spacer\"><\/div>\n\n\n\n<p><\/p>\n\n\n\n<hr class=\"wp-block-separator has-alpha-channel-opacity\"\/>\n","protected":false},"excerpt":{"rendered":"<p>31. Mai 2024 \u2022 Seit Jahren verkauft der Freistaat Bayern Grundst\u00fccke auf dem Gebiet der Landeshauptstadt M\u00fcnchen meistbietend an Investoren. Kleiner Reminder: M\u00fcnchen ist die Stadt mit den h\u00f6chsten Mieten in Deutschland, und die Bodenpreise hier steigen seit Jahren rasant an.<\/p>\n","protected":false},"author":-1,"featured_media":1400,"comment_status":"closed","ping_status":"open","sticky":false,"template":"","format":"standard","meta":{"footnotes":""},"categories":[15],"tags":[33,31],"class_list":["post-1397","post","type-post","status-publish","format-standard","has-post-thumbnail","hentry","category-aktuelles","tag-bayern","tag-bodenpolitik"],"yoast_head":"<!-- This site is optimized with the Yoast SEO plugin v25.7 - https:\/\/yoast.com\/wordpress\/plugins\/seo\/ -->\n<title>Florina Vilgertshofer I Gr\u00fcne Direktkandidatin<\/title>\n<meta name=\"robots\" content=\"index, follow, max-snippet:-1, max-image-preview:large, max-video-preview:-1\" \/>\n<link rel=\"canonical\" href=\"https:\/\/florina-vilgertshofer.de\/?p=1397\" \/>\n<meta property=\"og:locale\" content=\"de_DE\" \/>\n<meta property=\"og:type\" content=\"article\" \/>\n<meta property=\"og:title\" content=\"Florina Vilgertshofer I Gr\u00fcne Direktkandidatin\" \/>\n<meta property=\"og:description\" content=\"31. Mai 2024 \u2022 Seit Jahren verkauft der Freistaat Bayern Grundst\u00fccke auf dem Gebiet der Landeshauptstadt M\u00fcnchen meistbietend an Investoren. Kleiner Reminder: M\u00fcnchen ist die Stadt mit den h\u00f6chsten Mieten in Deutschland, und die Bodenpreise hier steigen seit Jahren rasant an.\" \/>\n<meta property=\"og:url\" content=\"https:\/\/florina-vilgertshofer.de\/?p=1397\" \/>\n<meta property=\"og:site_name\" content=\"Florina Vilgertshofer\" \/>\n<meta property=\"article:publisher\" content=\"https:\/\/www.facebook.com\/minny.cooper.9\" \/>\n<meta property=\"article:author\" content=\"https:\/\/www.facebook.com\/minny.cooper.9\" \/>\n<meta property=\"article:published_time\" content=\"2024-05-31T07:42:27+00:00\" \/>\n<meta property=\"article:modified_time\" content=\"2024-05-31T07:44:38+00:00\" \/>\n<meta property=\"og:image\" content=\"http:\/\/florina-vilgertshofer.de\/wp-content\/uploads\/2024\/05\/Bodenpolitik-Freistaat-Bayern-Vilgertshofer-Florina-Gruene-Muenchen-scaled.jpg\" \/>\n\t<meta property=\"og:image:width\" content=\"2171\" \/>\n\t<meta property=\"og:image:height\" content=\"2560\" \/>\n\t<meta property=\"og:image:type\" content=\"image\/jpeg\" \/>\n<meta name=\"author\" content=\"admin\" \/>\n<meta name=\"twitter:card\" content=\"summary_large_image\" \/>\n<meta name=\"twitter:label1\" content=\"Verfasst von\" \/>\n\t<meta name=\"twitter:data1\" content=\"\" \/>\n\t<meta name=\"twitter:label2\" content=\"Gesch\u00e4tzte Lesezeit\" \/>\n\t<meta name=\"twitter:data2\" content=\"2\u00a0Minuten\" \/>\n<script type=\"application\/ld+json\" class=\"yoast-schema-graph\">{\"@context\":\"https:\/\/schema.org\",\"@graph\":[{\"@type\":\"Article\",\"@id\":\"https:\/\/florina-vilgertshofer.de\/?p=1397#article\",\"isPartOf\":{\"@id\":\"https:\/\/florina-vilgertshofer.de\/?p=1397\"},\"author\":{\"name\":\"admin\",\"@id\":\"https:\/\/florina-vilgertshofer.de\/#\/schema\/person\/c634068ffbadf5345d5be6795bfe2fe7\"},\"headline\":\"Zur Bodenpolitik des Freistaats Bayern\",\"datePublished\":\"2024-05-31T07:42:27+00:00\",\"dateModified\":\"2024-05-31T07:44:38+00:00\",\"mainEntityOfPage\":{\"@id\":\"https:\/\/florina-vilgertshofer.de\/?p=1397\"},\"wordCount\":133,\"publisher\":{\"@id\":\"https:\/\/florina-vilgertshofer.de\/#\/schema\/person\/c634068ffbadf5345d5be6795bfe2fe7\"},\"image\":{\"@id\":\"https:\/\/florina-vilgertshofer.de\/?p=1397#primaryimage\"},\"thumbnailUrl\":\"https:\/\/florina-vilgertshofer.de\/wp-content\/uploads\/2024\/05\/Bodenpolitik-Freistaat-Bayern-Vilgertshofer-Florina-Gruene-Muenchen-scaled.jpg\",\"keywords\":[\"Bayern\",\"Bodenpolitik\"],\"articleSection\":[\"Aktuelles\"],\"inLanguage\":\"de\"},{\"@type\":\"WebPage\",\"@id\":\"https:\/\/florina-vilgertshofer.de\/?p=1397\",\"url\":\"https:\/\/florina-vilgertshofer.de\/?p=1397\",\"name\":\"Florina Vilgertshofer I Gr\u00fcne Direktkandidatin\",\"isPartOf\":{\"@id\":\"https:\/\/florina-vilgertshofer.de\/#website\"},\"primaryImageOfPage\":{\"@id\":\"https:\/\/florina-vilgertshofer.de\/?p=1397#primaryimage\"},\"image\":{\"@id\":\"https:\/\/florina-vilgertshofer.de\/?p=1397#primaryimage\"},\"thumbnailUrl\":\"https:\/\/florina-vilgertshofer.de\/wp-content\/uploads\/2024\/05\/Bodenpolitik-Freistaat-Bayern-Vilgertshofer-Florina-Gruene-Muenchen-scaled.jpg\",\"datePublished\":\"2024-05-31T07:42:27+00:00\",\"dateModified\":\"2024-05-31T07:44:38+00:00\",\"breadcrumb\":{\"@id\":\"https:\/\/florina-vilgertshofer.de\/?p=1397#breadcrumb\"},\"inLanguage\":\"de\",\"potentialAction\":[{\"@type\":\"ReadAction\",\"target\":[\"https:\/\/florina-vilgertshofer.de\/?p=1397\"]}]},{\"@type\":\"ImageObject\",\"inLanguage\":\"de\",\"@id\":\"https:\/\/florina-vilgertshofer.de\/?p=1397#primaryimage\",\"url\":\"https:\/\/florina-vilgertshofer.de\/wp-content\/uploads\/2024\/05\/Bodenpolitik-Freistaat-Bayern-Vilgertshofer-Florina-Gruene-Muenchen-scaled.jpg\",\"contentUrl\":\"https:\/\/florina-vilgertshofer.de\/wp-content\/uploads\/2024\/05\/Bodenpolitik-Freistaat-Bayern-Vilgertshofer-Florina-Gruene-Muenchen-scaled.jpg\",\"width\":2171,\"height\":2560},{\"@type\":\"BreadcrumbList\",\"@id\":\"https:\/\/florina-vilgertshofer.de\/?p=1397#breadcrumb\",\"itemListElement\":[{\"@type\":\"ListItem\",\"position\":1,\"name\":\"Startseite\",\"item\":\"https:\/\/florina-vilgertshofer.de\/\"},{\"@type\":\"ListItem\",\"position\":2,\"name\":\"Zur Bodenpolitik des Freistaats Bayern\"}]},{\"@type\":\"WebSite\",\"@id\":\"https:\/\/florina-vilgertshofer.de\/#website\",\"url\":\"https:\/\/florina-vilgertshofer.de\/\",\"name\":\"Florina Vilgertshofer\",\"description\":\"Bezirksr\u00e4tin I Kulturpolitikerin\",\"publisher\":{\"@id\":\"https:\/\/florina-vilgertshofer.de\/#\/schema\/person\/c634068ffbadf5345d5be6795bfe2fe7\"},\"alternateName\":\"Fina Vilgertshofer\",\"potentialAction\":[{\"@type\":\"SearchAction\",\"target\":{\"@type\":\"EntryPoint\",\"urlTemplate\":\"https:\/\/florina-vilgertshofer.de\/?s={search_term_string}\"},\"query-input\":{\"@type\":\"PropertyValueSpecification\",\"valueRequired\":true,\"valueName\":\"search_term_string\"}}],\"inLanguage\":\"de\"},{\"@type\":[\"Person\",\"Organization\"],\"@id\":\"https:\/\/florina-vilgertshofer.de\/#\/schema\/person\/c634068ffbadf5345d5be6795bfe2fe7\",\"name\":\"admin\",\"image\":{\"@type\":\"ImageObject\",\"inLanguage\":\"de\",\"@id\":\"https:\/\/florina-vilgertshofer.de\/#\/schema\/person\/image\/\",\"url\":\"http:\/\/florina-vilgertshofer.de\/wp-content\/uploads\/2023\/02\/florina-vilgertshofer-gruene-muenchen-schwabing-kandidatin-bezirkstag_breit-scaled.jpg\",\"contentUrl\":\"http:\/\/florina-vilgertshofer.de\/wp-content\/uploads\/2023\/02\/florina-vilgertshofer-gruene-muenchen-schwabing-kandidatin-bezirkstag_breit-scaled.jpg\",\"width\":2560,\"height\":1209,\"caption\":\"admin\"},\"logo\":{\"@id\":\"https:\/\/florina-vilgertshofer.de\/#\/schema\/person\/image\/\"},\"sameAs\":[\"http:\/\/florina-vilgertshofer.de\",\"https:\/\/www.facebook.com\/minny.cooper.9\",\"https:\/\/www.instagram.com\/finafinch\/\",\"https:\/\/www.linkedin.com\/in\/florina-fina-vilgertshofer-a5320093\/\"],\"url\":\"https:\/\/florina-vilgertshofer.de\/?author=1\"}]}<\/script>\n<!-- \/ Yoast SEO plugin. -->","yoast_head_json":{"title":"Florina Vilgertshofer I Gr\u00fcne Direktkandidatin","robots":{"index":"index","follow":"follow","max-snippet":"max-snippet:-1","max-image-preview":"max-image-preview:large","max-video-preview":"max-video-preview:-1"},"canonical":"https:\/\/florina-vilgertshofer.de\/?p=1397","og_locale":"de_DE","og_type":"article","og_title":"Florina Vilgertshofer I Gr\u00fcne Direktkandidatin","og_description":"31. Mai 2024 \u2022 Seit Jahren verkauft der Freistaat Bayern Grundst\u00fccke auf dem Gebiet der Landeshauptstadt M\u00fcnchen meistbietend an Investoren. Kleiner Reminder: M\u00fcnchen ist die Stadt mit den h\u00f6chsten Mieten in Deutschland, und die Bodenpreise hier steigen seit Jahren rasant an.","og_url":"https:\/\/florina-vilgertshofer.de\/?p=1397","og_site_name":"Florina Vilgertshofer","article_publisher":"https:\/\/www.facebook.com\/minny.cooper.9","article_author":"https:\/\/www.facebook.com\/minny.cooper.9","article_published_time":"2024-05-31T07:42:27+00:00","article_modified_time":"2024-05-31T07:44:38+00:00","og_image":[{"width":2171,"height":2560,"url":"http:\/\/florina-vilgertshofer.de\/wp-content\/uploads\/2024\/05\/Bodenpolitik-Freistaat-Bayern-Vilgertshofer-Florina-Gruene-Muenchen-scaled.jpg","type":"image\/jpeg"}],"author":"admin","twitter_card":"summary_large_image","twitter_misc":{"Verfasst von":false,"Gesch\u00e4tzte Lesezeit":"2\u00a0Minuten"},"schema":{"@context":"https:\/\/schema.org","@graph":[{"@type":"Article","@id":"https:\/\/florina-vilgertshofer.de\/?p=1397#article","isPartOf":{"@id":"https:\/\/florina-vilgertshofer.de\/?p=1397"},"author":{"name":"admin","@id":"https:\/\/florina-vilgertshofer.de\/#\/schema\/person\/c634068ffbadf5345d5be6795bfe2fe7"},"headline":"Zur Bodenpolitik des Freistaats Bayern","datePublished":"2024-05-31T07:42:27+00:00","dateModified":"2024-05-31T07:44:38+00:00","mainEntityOfPage":{"@id":"https:\/\/florina-vilgertshofer.de\/?p=1397"},"wordCount":133,"publisher":{"@id":"https:\/\/florina-vilgertshofer.de\/#\/schema\/person\/c634068ffbadf5345d5be6795bfe2fe7"},"image":{"@id":"https:\/\/florina-vilgertshofer.de\/?p=1397#primaryimage"},"thumbnailUrl":"https:\/\/florina-vilgertshofer.de\/wp-content\/uploads\/2024\/05\/Bodenpolitik-Freistaat-Bayern-Vilgertshofer-Florina-Gruene-Muenchen-scaled.jpg","keywords":["Bayern","Bodenpolitik"],"articleSection":["Aktuelles"],"inLanguage":"de"},{"@type":"WebPage","@id":"https:\/\/florina-vilgertshofer.de\/?p=1397","url":"https:\/\/florina-vilgertshofer.de\/?p=1397","name":"Florina Vilgertshofer I Gr\u00fcne Direktkandidatin","isPartOf":{"@id":"https:\/\/florina-vilgertshofer.de\/#website"},"primaryImageOfPage":{"@id":"https:\/\/florina-vilgertshofer.de\/?p=1397#primaryimage"},"image":{"@id":"https:\/\/florina-vilgertshofer.de\/?p=1397#primaryimage"},"thumbnailUrl":"https:\/\/florina-vilgertshofer.de\/wp-content\/uploads\/2024\/05\/Bodenpolitik-Freistaat-Bayern-Vilgertshofer-Florina-Gruene-Muenchen-scaled.jpg","datePublished":"2024-05-31T07:42:27+00:00","dateModified":"2024-05-31T07:44:38+00:00","breadcrumb":{"@id":"https:\/\/florina-vilgertshofer.de\/?p=1397#breadcrumb"},"inLanguage":"de","potentialAction":[{"@type":"ReadAction","target":["https:\/\/florina-vilgertshofer.de\/?p=1397"]}]},{"@type":"ImageObject","inLanguage":"de","@id":"https:\/\/florina-vilgertshofer.de\/?p=1397#primaryimage","url":"https:\/\/florina-vilgertshofer.de\/wp-content\/uploads\/2024\/05\/Bodenpolitik-Freistaat-Bayern-Vilgertshofer-Florina-Gruene-Muenchen-scaled.jpg","contentUrl":"https:\/\/florina-vilgertshofer.de\/wp-content\/uploads\/2024\/05\/Bodenpolitik-Freistaat-Bayern-Vilgertshofer-Florina-Gruene-Muenchen-scaled.jpg","width":2171,"height":2560},{"@type":"BreadcrumbList","@id":"https:\/\/florina-vilgertshofer.de\/?p=1397#breadcrumb","itemListElement":[{"@type":"ListItem","position":1,"name":"Startseite","item":"https:\/\/florina-vilgertshofer.de\/"},{"@type":"ListItem","position":2,"name":"Zur Bodenpolitik des Freistaats Bayern"}]},{"@type":"WebSite","@id":"https:\/\/florina-vilgertshofer.de\/#website","url":"https:\/\/florina-vilgertshofer.de\/","name":"Florina Vilgertshofer","description":"Bezirksr\u00e4tin I Kulturpolitikerin","publisher":{"@id":"https:\/\/florina-vilgertshofer.de\/#\/schema\/person\/c634068ffbadf5345d5be6795bfe2fe7"},"alternateName":"Fina Vilgertshofer","potentialAction":[{"@type":"SearchAction","target":{"@type":"EntryPoint","urlTemplate":"https:\/\/florina-vilgertshofer.de\/?s={search_term_string}"},"query-input":{"@type":"PropertyValueSpecification","valueRequired":true,"valueName":"search_term_string"}}],"inLanguage":"de"},{"@type":["Person","Organization"],"@id":"https:\/\/florina-vilgertshofer.de\/#\/schema\/person\/c634068ffbadf5345d5be6795bfe2fe7","name":"admin","image":{"@type":"ImageObject","inLanguage":"de","@id":"https:\/\/florina-vilgertshofer.de\/#\/schema\/person\/image\/","url":"http:\/\/florina-vilgertshofer.de\/wp-content\/uploads\/2023\/02\/florina-vilgertshofer-gruene-muenchen-schwabing-kandidatin-bezirkstag_breit-scaled.jpg","contentUrl":"http:\/\/florina-vilgertshofer.de\/wp-content\/uploads\/2023\/02\/florina-vilgertshofer-gruene-muenchen-schwabing-kandidatin-bezirkstag_breit-scaled.jpg","width":2560,"height":1209,"caption":"admin"},"logo":{"@id":"https:\/\/florina-vilgertshofer.de\/#\/schema\/person\/image\/"},"sameAs":["http:\/\/florina-vilgertshofer.de","https:\/\/www.facebook.com\/minny.cooper.9","https:\/\/www.instagram.com\/finafinch\/","https:\/\/www.linkedin.com\/in\/florina-fina-vilgertshofer-a5320093\/"],"url":"https:\/\/florina-vilgertshofer.de\/?author=1"}]}},"_links":{"self":[{"href":"https:\/\/florina-vilgertshofer.de\/index.php?rest_route=\/wp\/v2\/posts\/1397","targetHints":{"allow":["GET"]}}],"collection":[{"href":"https:\/\/florina-vilgertshofer.de\/index.php?rest_route=\/wp\/v2\/posts"}],"about":[{"href":"https:\/\/florina-vilgertshofer.de\/index.php?rest_route=\/wp\/v2\/types\/post"}],"author":[{"embeddable":true,"href":"https:\/\/florina-vilgertshofer.de\/index.php?rest_route=\/wp\/v2\/users\/1"}],"replies":[{"embeddable":true,"href":"https:\/\/florina-vilgertshofer.de\/index.php?rest_route=%2Fwp%2Fv2%2Fcomments&post=1397"}],"version-history":[{"count":3,"href":"https:\/\/florina-vilgertshofer.de\/index.php?rest_route=\/wp\/v2\/posts\/1397\/revisions"}],"predecessor-version":[{"id":1404,"href":"https:\/\/florina-vilgertshofer.de\/index.php?rest_route=\/wp\/v2\/posts\/1397\/revisions\/1404"}],"wp:featuredmedia":[{"embeddable":true,"href":"https:\/\/florina-vilgertshofer.de\/index.php?rest_route=\/wp\/v2\/media\/1400"}],"wp:attachment":[{"href":"https:\/\/florina-vilgertshofer.de\/index.php?rest_route=%2Fwp%2Fv2%2Fmedia&parent=1397"}],"wp:term":[{"taxonomy":"category","embeddable":true,"href":"https:\/\/florina-vilgertshofer.de\/index.php?rest_route=%2Fwp%2Fv2%2Fcategories&post=1397"},{"taxonomy":"post_tag","embeddable":true,"href":"https:\/\/florina-vilgertshofer.de\/index.php?rest_route=%2Fwp%2Fv2%2Ftags&post=1397"}],"curies":[{"name":"wp","href":"https:\/\/api.w.org\/{rel}","templated":true}]}}