{"id":1366,"date":"2024-05-10T08:35:12","date_gmt":"2024-05-10T08:35:12","guid":{"rendered":"https:\/\/florina-vilgertshofer.de\/?p=1366"},"modified":"2024-05-31T07:40:58","modified_gmt":"2024-05-31T07:40:58","slug":"bebauungsplan","status":"publish","type":"post","link":"https:\/\/florina-vilgertshofer.de\/?p=1366","title":{"rendered":"Sektoraler Bebauungsplan f\u00fcr die Maxvorstadt"},"content":{"rendered":"\n<div style=\"height:66px\" aria-hidden=\"true\" class=\"wp-block-spacer\"><\/div>\n\n\n\n<div class=\"wp-block-columns is-layout-flex wp-container-core-columns-is-layout-9d6595d7 wp-block-columns-is-layout-flex\">\n<div class=\"wp-block-column is-layout-flow wp-block-column-is-layout-flow\" style=\"flex-basis:2.5%\"><\/div>\n\n\n\n<div class=\"wp-block-column is-layout-flow wp-block-column-is-layout-flow\" style=\"flex-basis:60%\">\n<h5 class=\"wp-block-heading has-grashalm-color has-text-color has-link-color wp-elements-8c2e9a3723c2012c509fef8b07783142\" style=\"font-size:clamp(18.959px, 1.185rem + ((1vw - 3.2px) * 1.255), 30px);text-transform:uppercase\"><strong>Sektoralen Bebauungsplan f\u00fcr das Karree SChelling-\/Amalien-\/T\u00fcrken- &amp; Adalbertstra\u00dfe<\/strong><\/h5>\n\n\n\n<p>\u2022 Bezahlbarer Wohnraum ist in der Maxvorstadt, einem der dichtesten Viertel in M\u00fcnchens, knapp. Das junge, lebendige Viertel ist sowohl f\u00fcr die alteingessesenen Bewohnerinnen und Bewohner wie auch f\u00fcr neue Maxvorst\u00e4dtet attraktiv. Leider finden viele Menschen keine Wohnung oder werden verdr\u00e4ngt: In den letzten Jahren kam es vermehrt zu entmietunen, H\u00e4user wurden abgerissen und durch Neubauten, die prim\u00e4r als Spekulationsobjekte dienen ersetzt. Damit wurde gu\u0308nstiger Wohnraum vernichtet und angestammte Bev\u00f6lkerung aus dem Viertel vertrieben.<\/p>\n\n\n\n<p>Mit einem sektoralen Bebauungsplan kann die Landeshauptstadt M\u00fcnchen darauf Einfluss nehmen, wass hier in den kommenden Jahren gebaut wird: Luxuswohnungen. B\u00fcro- und Gewerbefl\u00e4chen oder bezahlbarer Wohnraum. Wir fordern die Stadt auf, von dieser M\u00f6glichkeit gebrauch zu machen und so die Entstehung von bezahlbarem Wohnraum in unserem Quartier zu f\u00f6rdern! <a href=\"https:\/\/risi.muenchen.de\/risi\/dokument\/v\/8378211\">Hier findest Du den Antrag im Wortlaut.<\/a> <\/p>\n<\/div>\n\n\n\n<div class=\"wp-block-column is-vertically-aligned-center is-layout-flow wp-block-column-is-layout-flow\" style=\"flex-basis:37.5%\">\n<figure class=\"wp-block-image size-large\"><img loading=\"lazy\" decoding=\"async\" width=\"1024\" height=\"760\" src=\"http:\/\/florina-vilgertshofer.de\/wp-content\/uploads\/2024\/04\/Bebauungsplan_Maxvorstadt_Bezirksausschuss_Florina-Vilgertshofer_Gruene-1024x760.jpg\" alt=\"\" class=\"wp-image-1389\" srcset=\"https:\/\/florina-vilgertshofer.de\/wp-content\/uploads\/2024\/04\/Bebauungsplan_Maxvorstadt_Bezirksausschuss_Florina-Vilgertshofer_Gruene-1024x760.jpg 1024w, https:\/\/florina-vilgertshofer.de\/wp-content\/uploads\/2024\/04\/Bebauungsplan_Maxvorstadt_Bezirksausschuss_Florina-Vilgertshofer_Gruene-300x223.jpg 300w, https:\/\/florina-vilgertshofer.de\/wp-content\/uploads\/2024\/04\/Bebauungsplan_Maxvorstadt_Bezirksausschuss_Florina-Vilgertshofer_Gruene-768x570.jpg 768w, https:\/\/florina-vilgertshofer.de\/wp-content\/uploads\/2024\/04\/Bebauungsplan_Maxvorstadt_Bezirksausschuss_Florina-Vilgertshofer_Gruene-1536x1140.jpg 1536w, https:\/\/florina-vilgertshofer.de\/wp-content\/uploads\/2024\/04\/Bebauungsplan_Maxvorstadt_Bezirksausschuss_Florina-Vilgertshofer_Gruene.jpg 1714w\" sizes=\"auto, (max-width: 1024px) 100vw, 1024px\" \/><\/figure>\n<\/div>\n<\/div>\n\n\n\n<div style=\"height:42px\" aria-hidden=\"true\" class=\"wp-block-spacer\"><\/div>\n\n\n\n<p><\/p>\n\n\n\n<hr class=\"wp-block-separator has-alpha-channel-opacity\"\/>\n","protected":false},"excerpt":{"rendered":"<p>10. Mai 2024 \u2022 Bezahlbarer Wohnraum ist in der Maxvorstadt, einem der dichtesten Viertel in M\u00fcnchens, knapp. Das junge, lebendige Viertel ist sowohl f\u00fcr die alteingessesenen Bewohnerinnen und Bewohner wie auch f\u00fcr neue Maxvorst\u00e4dtet attraktiv.<\/p>\n","protected":false},"author":-1,"featured_media":1389,"comment_status":"closed","ping_status":"open","sticky":false,"template":"","format":"standard","meta":{"footnotes":""},"categories":[15,1],"tags":[11,34,35],"class_list":["post-1366","post","type-post","status-publish","format-standard","has-post-thumbnail","hentry","category-aktuelles","category-bezirksausschuss","tag-bezirksausschuss","tag-bodenrecht","tag-mieten"],"yoast_head":"<!-- This site is optimized with the Yoast SEO plugin v25.7 - https:\/\/yoast.com\/wordpress\/plugins\/seo\/ -->\n<title>Florina Vilgertshofer I Gr\u00fcne Direktkandidatin<\/title>\n<meta name=\"robots\" content=\"index, follow, max-snippet:-1, max-image-preview:large, max-video-preview:-1\" \/>\n<link rel=\"canonical\" href=\"https:\/\/florina-vilgertshofer.de\/?p=1366\" \/>\n<meta property=\"og:locale\" content=\"de_DE\" \/>\n<meta property=\"og:type\" content=\"article\" \/>\n<meta property=\"og:title\" content=\"Florina Vilgertshofer I Gr\u00fcne Direktkandidatin\" \/>\n<meta property=\"og:description\" content=\"10. Mai 2024 \u2022 Bezahlbarer Wohnraum ist in der Maxvorstadt, einem der dichtesten Viertel in M\u00fcnchens, knapp. Das junge, lebendige Viertel ist sowohl f\u00fcr die alteingessesenen Bewohnerinnen und Bewohner wie auch f\u00fcr neue Maxvorst\u00e4dtet attraktiv.\" \/>\n<meta property=\"og:url\" content=\"https:\/\/florina-vilgertshofer.de\/?p=1366\" \/>\n<meta property=\"og:site_name\" content=\"Florina Vilgertshofer\" \/>\n<meta property=\"article:publisher\" content=\"https:\/\/www.facebook.com\/minny.cooper.9\" \/>\n<meta property=\"article:author\" content=\"https:\/\/www.facebook.com\/minny.cooper.9\" \/>\n<meta property=\"article:published_time\" content=\"2024-05-10T08:35:12+00:00\" \/>\n<meta property=\"article:modified_time\" content=\"2024-05-31T07:40:58+00:00\" \/>\n<meta property=\"og:image\" content=\"http:\/\/florina-vilgertshofer.de\/wp-content\/uploads\/2024\/04\/Bebauungsplan_Maxvorstadt_Bezirksausschuss_Florina-Vilgertshofer_Gruene.jpg\" \/>\n\t<meta property=\"og:image:width\" content=\"1714\" \/>\n\t<meta property=\"og:image:height\" content=\"1272\" \/>\n\t<meta property=\"og:image:type\" content=\"image\/jpeg\" \/>\n<meta name=\"author\" content=\"admin\" \/>\n<meta name=\"twitter:card\" content=\"summary_large_image\" \/>\n<meta name=\"twitter:label1\" content=\"Verfasst von\" \/>\n\t<meta name=\"twitter:data1\" content=\"\" \/>\n\t<meta name=\"twitter:label2\" content=\"Gesch\u00e4tzte Lesezeit\" \/>\n\t<meta name=\"twitter:data2\" content=\"2\u00a0Minuten\" \/>\n<script type=\"application\/ld+json\" class=\"yoast-schema-graph\">{\"@context\":\"https:\/\/schema.org\",\"@graph\":[{\"@type\":\"Article\",\"@id\":\"https:\/\/florina-vilgertshofer.de\/?p=1366#article\",\"isPartOf\":{\"@id\":\"https:\/\/florina-vilgertshofer.de\/?p=1366\"},\"author\":{\"name\":\"admin\",\"@id\":\"https:\/\/florina-vilgertshofer.de\/#\/schema\/person\/c634068ffbadf5345d5be6795bfe2fe7\"},\"headline\":\"Sektoraler Bebauungsplan f\u00fcr die Maxvorstadt\",\"datePublished\":\"2024-05-10T08:35:12+00:00\",\"dateModified\":\"2024-05-31T07:40:58+00:00\",\"mainEntityOfPage\":{\"@id\":\"https:\/\/florina-vilgertshofer.de\/?p=1366\"},\"wordCount\":162,\"publisher\":{\"@id\":\"https:\/\/florina-vilgertshofer.de\/#\/schema\/person\/c634068ffbadf5345d5be6795bfe2fe7\"},\"image\":{\"@id\":\"https:\/\/florina-vilgertshofer.de\/?p=1366#primaryimage\"},\"thumbnailUrl\":\"https:\/\/florina-vilgertshofer.de\/wp-content\/uploads\/2024\/04\/Bebauungsplan_Maxvorstadt_Bezirksausschuss_Florina-Vilgertshofer_Gruene.jpg\",\"keywords\":[\"Bezirksausschuss\",\"Bodenrecht\",\"Mieten\"],\"articleSection\":[\"Aktuelles\",\"Bezirksausschuss\"],\"inLanguage\":\"de\"},{\"@type\":\"WebPage\",\"@id\":\"https:\/\/florina-vilgertshofer.de\/?p=1366\",\"url\":\"https:\/\/florina-vilgertshofer.de\/?p=1366\",\"name\":\"Florina Vilgertshofer I Gr\u00fcne Direktkandidatin\",\"isPartOf\":{\"@id\":\"https:\/\/florina-vilgertshofer.de\/#website\"},\"primaryImageOfPage\":{\"@id\":\"https:\/\/florina-vilgertshofer.de\/?p=1366#primaryimage\"},\"image\":{\"@id\":\"https:\/\/florina-vilgertshofer.de\/?p=1366#primaryimage\"},\"thumbnailUrl\":\"https:\/\/florina-vilgertshofer.de\/wp-content\/uploads\/2024\/04\/Bebauungsplan_Maxvorstadt_Bezirksausschuss_Florina-Vilgertshofer_Gruene.jpg\",\"datePublished\":\"2024-05-10T08:35:12+00:00\",\"dateModified\":\"2024-05-31T07:40:58+00:00\",\"breadcrumb\":{\"@id\":\"https:\/\/florina-vilgertshofer.de\/?p=1366#breadcrumb\"},\"inLanguage\":\"de\",\"potentialAction\":[{\"@type\":\"ReadAction\",\"target\":[\"https:\/\/florina-vilgertshofer.de\/?p=1366\"]}]},{\"@type\":\"ImageObject\",\"inLanguage\":\"de\",\"@id\":\"https:\/\/florina-vilgertshofer.de\/?p=1366#primaryimage\",\"url\":\"https:\/\/florina-vilgertshofer.de\/wp-content\/uploads\/2024\/04\/Bebauungsplan_Maxvorstadt_Bezirksausschuss_Florina-Vilgertshofer_Gruene.jpg\",\"contentUrl\":\"https:\/\/florina-vilgertshofer.de\/wp-content\/uploads\/2024\/04\/Bebauungsplan_Maxvorstadt_Bezirksausschuss_Florina-Vilgertshofer_Gruene.jpg\",\"width\":1714,\"height\":1272},{\"@type\":\"BreadcrumbList\",\"@id\":\"https:\/\/florina-vilgertshofer.de\/?p=1366#breadcrumb\",\"itemListElement\":[{\"@type\":\"ListItem\",\"position\":1,\"name\":\"Startseite\",\"item\":\"https:\/\/florina-vilgertshofer.de\/\"},{\"@type\":\"ListItem\",\"position\":2,\"name\":\"Sektoraler Bebauungsplan f\u00fcr die Maxvorstadt\"}]},{\"@type\":\"WebSite\",\"@id\":\"https:\/\/florina-vilgertshofer.de\/#website\",\"url\":\"https:\/\/florina-vilgertshofer.de\/\",\"name\":\"Florina Vilgertshofer\",\"description\":\"Bezirksr\u00e4tin I Kulturpolitikerin\",\"publisher\":{\"@id\":\"https:\/\/florina-vilgertshofer.de\/#\/schema\/person\/c634068ffbadf5345d5be6795bfe2fe7\"},\"alternateName\":\"Fina Vilgertshofer\",\"potentialAction\":[{\"@type\":\"SearchAction\",\"target\":{\"@type\":\"EntryPoint\",\"urlTemplate\":\"https:\/\/florina-vilgertshofer.de\/?s={search_term_string}\"},\"query-input\":{\"@type\":\"PropertyValueSpecification\",\"valueRequired\":true,\"valueName\":\"search_term_string\"}}],\"inLanguage\":\"de\"},{\"@type\":[\"Person\",\"Organization\"],\"@id\":\"https:\/\/florina-vilgertshofer.de\/#\/schema\/person\/c634068ffbadf5345d5be6795bfe2fe7\",\"name\":\"admin\",\"image\":{\"@type\":\"ImageObject\",\"inLanguage\":\"de\",\"@id\":\"https:\/\/florina-vilgertshofer.de\/#\/schema\/person\/image\/\",\"url\":\"http:\/\/florina-vilgertshofer.de\/wp-content\/uploads\/2023\/02\/florina-vilgertshofer-gruene-muenchen-schwabing-kandidatin-bezirkstag_breit-scaled.jpg\",\"contentUrl\":\"http:\/\/florina-vilgertshofer.de\/wp-content\/uploads\/2023\/02\/florina-vilgertshofer-gruene-muenchen-schwabing-kandidatin-bezirkstag_breit-scaled.jpg\",\"width\":2560,\"height\":1209,\"caption\":\"admin\"},\"logo\":{\"@id\":\"https:\/\/florina-vilgertshofer.de\/#\/schema\/person\/image\/\"},\"sameAs\":[\"http:\/\/florina-vilgertshofer.de\",\"https:\/\/www.facebook.com\/minny.cooper.9\",\"https:\/\/www.instagram.com\/finafinch\/\",\"https:\/\/www.linkedin.com\/in\/florina-fina-vilgertshofer-a5320093\/\"],\"url\":\"https:\/\/florina-vilgertshofer.de\/?author=1\"}]}<\/script>\n<!-- \/ Yoast SEO plugin. -->","yoast_head_json":{"title":"Florina Vilgertshofer I Gr\u00fcne Direktkandidatin","robots":{"index":"index","follow":"follow","max-snippet":"max-snippet:-1","max-image-preview":"max-image-preview:large","max-video-preview":"max-video-preview:-1"},"canonical":"https:\/\/florina-vilgertshofer.de\/?p=1366","og_locale":"de_DE","og_type":"article","og_title":"Florina Vilgertshofer I Gr\u00fcne Direktkandidatin","og_description":"10. Mai 2024 \u2022 Bezahlbarer Wohnraum ist in der Maxvorstadt, einem der dichtesten Viertel in M\u00fcnchens, knapp. Das junge, lebendige Viertel ist sowohl f\u00fcr die alteingessesenen Bewohnerinnen und Bewohner wie auch f\u00fcr neue Maxvorst\u00e4dtet attraktiv.","og_url":"https:\/\/florina-vilgertshofer.de\/?p=1366","og_site_name":"Florina Vilgertshofer","article_publisher":"https:\/\/www.facebook.com\/minny.cooper.9","article_author":"https:\/\/www.facebook.com\/minny.cooper.9","article_published_time":"2024-05-10T08:35:12+00:00","article_modified_time":"2024-05-31T07:40:58+00:00","og_image":[{"width":1714,"height":1272,"url":"http:\/\/florina-vilgertshofer.de\/wp-content\/uploads\/2024\/04\/Bebauungsplan_Maxvorstadt_Bezirksausschuss_Florina-Vilgertshofer_Gruene.jpg","type":"image\/jpeg"}],"author":"admin","twitter_card":"summary_large_image","twitter_misc":{"Verfasst von":false,"Gesch\u00e4tzte Lesezeit":"2\u00a0Minuten"},"schema":{"@context":"https:\/\/schema.org","@graph":[{"@type":"Article","@id":"https:\/\/florina-vilgertshofer.de\/?p=1366#article","isPartOf":{"@id":"https:\/\/florina-vilgertshofer.de\/?p=1366"},"author":{"name":"admin","@id":"https:\/\/florina-vilgertshofer.de\/#\/schema\/person\/c634068ffbadf5345d5be6795bfe2fe7"},"headline":"Sektoraler Bebauungsplan f\u00fcr die Maxvorstadt","datePublished":"2024-05-10T08:35:12+00:00","dateModified":"2024-05-31T07:40:58+00:00","mainEntityOfPage":{"@id":"https:\/\/florina-vilgertshofer.de\/?p=1366"},"wordCount":162,"publisher":{"@id":"https:\/\/florina-vilgertshofer.de\/#\/schema\/person\/c634068ffbadf5345d5be6795bfe2fe7"},"image":{"@id":"https:\/\/florina-vilgertshofer.de\/?p=1366#primaryimage"},"thumbnailUrl":"https:\/\/florina-vilgertshofer.de\/wp-content\/uploads\/2024\/04\/Bebauungsplan_Maxvorstadt_Bezirksausschuss_Florina-Vilgertshofer_Gruene.jpg","keywords":["Bezirksausschuss","Bodenrecht","Mieten"],"articleSection":["Aktuelles","Bezirksausschuss"],"inLanguage":"de"},{"@type":"WebPage","@id":"https:\/\/florina-vilgertshofer.de\/?p=1366","url":"https:\/\/florina-vilgertshofer.de\/?p=1366","name":"Florina Vilgertshofer I Gr\u00fcne Direktkandidatin","isPartOf":{"@id":"https:\/\/florina-vilgertshofer.de\/#website"},"primaryImageOfPage":{"@id":"https:\/\/florina-vilgertshofer.de\/?p=1366#primaryimage"},"image":{"@id":"https:\/\/florina-vilgertshofer.de\/?p=1366#primaryimage"},"thumbnailUrl":"https:\/\/florina-vilgertshofer.de\/wp-content\/uploads\/2024\/04\/Bebauungsplan_Maxvorstadt_Bezirksausschuss_Florina-Vilgertshofer_Gruene.jpg","datePublished":"2024-05-10T08:35:12+00:00","dateModified":"2024-05-31T07:40:58+00:00","breadcrumb":{"@id":"https:\/\/florina-vilgertshofer.de\/?p=1366#breadcrumb"},"inLanguage":"de","potentialAction":[{"@type":"ReadAction","target":["https:\/\/florina-vilgertshofer.de\/?p=1366"]}]},{"@type":"ImageObject","inLanguage":"de","@id":"https:\/\/florina-vilgertshofer.de\/?p=1366#primaryimage","url":"https:\/\/florina-vilgertshofer.de\/wp-content\/uploads\/2024\/04\/Bebauungsplan_Maxvorstadt_Bezirksausschuss_Florina-Vilgertshofer_Gruene.jpg","contentUrl":"https:\/\/florina-vilgertshofer.de\/wp-content\/uploads\/2024\/04\/Bebauungsplan_Maxvorstadt_Bezirksausschuss_Florina-Vilgertshofer_Gruene.jpg","width":1714,"height":1272},{"@type":"BreadcrumbList","@id":"https:\/\/florina-vilgertshofer.de\/?p=1366#breadcrumb","itemListElement":[{"@type":"ListItem","position":1,"name":"Startseite","item":"https:\/\/florina-vilgertshofer.de\/"},{"@type":"ListItem","position":2,"name":"Sektoraler Bebauungsplan f\u00fcr die Maxvorstadt"}]},{"@type":"WebSite","@id":"https:\/\/florina-vilgertshofer.de\/#website","url":"https:\/\/florina-vilgertshofer.de\/","name":"Florina Vilgertshofer","description":"Bezirksr\u00e4tin I Kulturpolitikerin","publisher":{"@id":"https:\/\/florina-vilgertshofer.de\/#\/schema\/person\/c634068ffbadf5345d5be6795bfe2fe7"},"alternateName":"Fina Vilgertshofer","potentialAction":[{"@type":"SearchAction","target":{"@type":"EntryPoint","urlTemplate":"https:\/\/florina-vilgertshofer.de\/?s={search_term_string}"},"query-input":{"@type":"PropertyValueSpecification","valueRequired":true,"valueName":"search_term_string"}}],"inLanguage":"de"},{"@type":["Person","Organization"],"@id":"https:\/\/florina-vilgertshofer.de\/#\/schema\/person\/c634068ffbadf5345d5be6795bfe2fe7","name":"admin","image":{"@type":"ImageObject","inLanguage":"de","@id":"https:\/\/florina-vilgertshofer.de\/#\/schema\/person\/image\/","url":"http:\/\/florina-vilgertshofer.de\/wp-content\/uploads\/2023\/02\/florina-vilgertshofer-gruene-muenchen-schwabing-kandidatin-bezirkstag_breit-scaled.jpg","contentUrl":"http:\/\/florina-vilgertshofer.de\/wp-content\/uploads\/2023\/02\/florina-vilgertshofer-gruene-muenchen-schwabing-kandidatin-bezirkstag_breit-scaled.jpg","width":2560,"height":1209,"caption":"admin"},"logo":{"@id":"https:\/\/florina-vilgertshofer.de\/#\/schema\/person\/image\/"},"sameAs":["http:\/\/florina-vilgertshofer.de","https:\/\/www.facebook.com\/minny.cooper.9","https:\/\/www.instagram.com\/finafinch\/","https:\/\/www.linkedin.com\/in\/florina-fina-vilgertshofer-a5320093\/"],"url":"https:\/\/florina-vilgertshofer.de\/?author=1"}]}},"_links":{"self":[{"href":"https:\/\/florina-vilgertshofer.de\/index.php?rest_route=\/wp\/v2\/posts\/1366","targetHints":{"allow":["GET"]}}],"collection":[{"href":"https:\/\/florina-vilgertshofer.de\/index.php?rest_route=\/wp\/v2\/posts"}],"about":[{"href":"https:\/\/florina-vilgertshofer.de\/index.php?rest_route=\/wp\/v2\/types\/post"}],"author":[{"embeddable":true,"href":"https:\/\/florina-vilgertshofer.de\/index.php?rest_route=\/wp\/v2\/users\/1"}],"replies":[{"embeddable":true,"href":"https:\/\/florina-vilgertshofer.de\/index.php?rest_route=%2Fwp%2Fv2%2Fcomments&post=1366"}],"version-history":[{"count":7,"href":"https:\/\/florina-vilgertshofer.de\/index.php?rest_route=\/wp\/v2\/posts\/1366\/revisions"}],"predecessor-version":[{"id":1401,"href":"https:\/\/florina-vilgertshofer.de\/index.php?rest_route=\/wp\/v2\/posts\/1366\/revisions\/1401"}],"wp:featuredmedia":[{"embeddable":true,"href":"https:\/\/florina-vilgertshofer.de\/index.php?rest_route=\/wp\/v2\/media\/1389"}],"wp:attachment":[{"href":"https:\/\/florina-vilgertshofer.de\/index.php?rest_route=%2Fwp%2Fv2%2Fmedia&parent=1366"}],"wp:term":[{"taxonomy":"category","embeddable":true,"href":"https:\/\/florina-vilgertshofer.de\/index.php?rest_route=%2Fwp%2Fv2%2Fcategories&post=1366"},{"taxonomy":"post_tag","embeddable":true,"href":"https:\/\/florina-vilgertshofer.de\/index.php?rest_route=%2Fwp%2Fv2%2Ftags&post=1366"}],"curies":[{"name":"wp","href":"https:\/\/api.w.org\/{rel}","templated":true}]}}