{"id":1288,"date":"2023-04-18T21:01:39","date_gmt":"2023-04-18T21:01:39","guid":{"rendered":"https:\/\/florina-vilgertshofer.de\/?p=1288"},"modified":"2025-08-12T09:04:50","modified_gmt":"2025-08-12T09:04:50","slug":"erfolge-im-bezirksauschuss","status":"publish","type":"post","link":"https:\/\/florina-vilgertshofer.de\/?p=1288","title":{"rendered":"Gr\u00fcne Erfolge im Bezirksauschuss!"},"content":{"rendered":"\n<div style=\"height:60px\" aria-hidden=\"true\" class=\"wp-block-spacer\"><\/div>\n\n\n\n<h5 class=\"wp-block-heading\" style=\"font-size:clamp(18.959px, 1.185rem + ((1vw - 3.2px) * 1.255), 30px);font-style:normal;font-weight:200\">Gr\u00fcne Erfolge im Bezirksauschuss!<\/h5>\n\n\n\n<div style=\"height:60px\" aria-hidden=\"true\" class=\"wp-block-spacer\"><\/div>\n\n\n\n<p>\u2022 Die Maxvorstadt ist ein lebendiges und lebenswerte Viertel &#8211; aber auch einer der Stadtteile in M\u00fcnchen mit dem wenigsten Gr\u00fcn. Au\u00dferdem ist  aus einem Ortstermin im Arnulfpark die Forderung nach 20 neuen Fahrradst\u00e4nder entstanden. <\/p>\n\n\n\n<p class=\"has-text-align-left\"><strong>Hier geht es zu unserem Antrag: <\/strong><\/p>\n\n\n\n<p class=\"has-text-align-left has-green-color has-text-color\"><a href=\"https:\/\/risi.muenchen.de\/risi\/antrag\/detail\/7682304\" target=\"_blank\" rel=\"noreferrer noopener\">Baumf\u00e4llungen auf dem Grundst\u00fcck Augustenstra\u00dfe 87 bis 89<\/a><\/p>\n\n\n\n<div style=\"height:60px\" aria-hidden=\"true\" class=\"wp-block-spacer\"><\/div>\n","protected":false},"excerpt":{"rendered":"<p>Gr\u00fcne Erfolge im Bezirksauschuss! \u2022 Die Maxvorstadt ist ein lebendiges und lebenswerte Viertel &#8211; aber auch einer der Stadtteile in M\u00fcnchen mit dem wenigsten Gr\u00fcn. Au\u00dferdem ist aus einem Ortstermin [&hellip;]<\/p>\n","protected":false},"author":-1,"featured_media":387,"comment_status":"closed","ping_status":"open","sticky":false,"template":"","format":"standard","meta":{"footnotes":""},"categories":[15,1],"tags":[26,23,24,25],"class_list":["post-1288","post","type-post","status-publish","format-standard","has-post-thumbnail","hentry","category-aktuelles","category-bezirksausschuss","tag-direktmandat","tag-gruene","tag-muenchen","tag-schwabing"],"yoast_head":"<!-- This site is optimized with the Yoast SEO plugin v25.7 - https:\/\/yoast.com\/wordpress\/plugins\/seo\/ -->\n<title>Florina Vilgertshofer I Gr\u00fcne Direktkandidatin<\/title>\n<meta name=\"robots\" content=\"index, follow, max-snippet:-1, max-image-preview:large, max-video-preview:-1\" \/>\n<link rel=\"canonical\" href=\"https:\/\/florina-vilgertshofer.de\/?p=1288\" \/>\n<meta property=\"og:locale\" content=\"de_DE\" \/>\n<meta property=\"og:type\" content=\"article\" \/>\n<meta property=\"og:title\" content=\"Florina Vilgertshofer I Gr\u00fcne Direktkandidatin\" \/>\n<meta property=\"og:description\" content=\"Gr\u00fcne Erfolge im Bezirksauschuss! \u2022 Die Maxvorstadt ist ein lebendiges und lebenswerte Viertel &#8211; aber auch einer der Stadtteile in M\u00fcnchen mit dem wenigsten Gr\u00fcn. Au\u00dferdem ist aus einem Ortstermin [&hellip;]\" \/>\n<meta property=\"og:url\" content=\"https:\/\/florina-vilgertshofer.de\/?p=1288\" \/>\n<meta property=\"og:site_name\" content=\"Florina Vilgertshofer\" \/>\n<meta property=\"article:publisher\" content=\"https:\/\/www.facebook.com\/minny.cooper.9\" \/>\n<meta property=\"article:author\" content=\"https:\/\/www.facebook.com\/minny.cooper.9\" \/>\n<meta property=\"article:published_time\" content=\"2023-04-18T21:01:39+00:00\" \/>\n<meta property=\"article:modified_time\" content=\"2025-08-12T09:04:50+00:00\" \/>\n<meta property=\"og:image\" content=\"http:\/\/florina-vilgertshofer.de\/wp-content\/uploads\/2023\/04\/230420_BA_Maxvorstadt_Beschluesse_Gruene_Muenchen_Kommunalpolitik_Baumschutz_Radverkehr.png\" \/>\n\t<meta property=\"og:image:width\" content=\"1429\" \/>\n\t<meta property=\"og:image:height\" content=\"1422\" \/>\n\t<meta property=\"og:image:type\" content=\"image\/png\" \/>\n<meta name=\"author\" content=\"admin\" \/>\n<meta name=\"twitter:card\" content=\"summary_large_image\" \/>\n<meta name=\"twitter:label1\" content=\"Verfasst von\" \/>\n\t<meta name=\"twitter:data1\" content=\"\" \/>\n\t<meta name=\"twitter:label2\" content=\"Gesch\u00e4tzte Lesezeit\" \/>\n\t<meta name=\"twitter:data2\" content=\"1\u00a0Minute\" \/>\n<script type=\"application\/ld+json\" class=\"yoast-schema-graph\">{\"@context\":\"https:\/\/schema.org\",\"@graph\":[{\"@type\":\"Article\",\"@id\":\"https:\/\/florina-vilgertshofer.de\/?p=1288#article\",\"isPartOf\":{\"@id\":\"https:\/\/florina-vilgertshofer.de\/?p=1288\"},\"author\":{\"name\":\"admin\",\"@id\":\"https:\/\/florina-vilgertshofer.de\/#\/schema\/person\/c634068ffbadf5345d5be6795bfe2fe7\"},\"headline\":\"Gr\u00fcne Erfolge im Bezirksauschuss!\",\"datePublished\":\"2023-04-18T21:01:39+00:00\",\"dateModified\":\"2025-08-12T09:04:50+00:00\",\"mainEntityOfPage\":{\"@id\":\"https:\/\/florina-vilgertshofer.de\/?p=1288\"},\"wordCount\":62,\"publisher\":{\"@id\":\"https:\/\/florina-vilgertshofer.de\/#\/schema\/person\/c634068ffbadf5345d5be6795bfe2fe7\"},\"image\":{\"@id\":\"https:\/\/florina-vilgertshofer.de\/?p=1288#primaryimage\"},\"thumbnailUrl\":\"https:\/\/florina-vilgertshofer.de\/wp-content\/uploads\/2023\/04\/230420_BA_Maxvorstadt_Beschluesse_Gruene_Muenchen_Kommunalpolitik_Baumschutz_Radverkehr.png\",\"keywords\":[\"Direktmandat\",\"Gr\u00fcne\",\"M\u00fcnchen\",\"Schwabing\"],\"articleSection\":[\"Aktuelles\",\"Bezirksausschuss\"],\"inLanguage\":\"de\"},{\"@type\":\"WebPage\",\"@id\":\"https:\/\/florina-vilgertshofer.de\/?p=1288\",\"url\":\"https:\/\/florina-vilgertshofer.de\/?p=1288\",\"name\":\"Florina Vilgertshofer I Gr\u00fcne Direktkandidatin\",\"isPartOf\":{\"@id\":\"https:\/\/florina-vilgertshofer.de\/#website\"},\"primaryImageOfPage\":{\"@id\":\"https:\/\/florina-vilgertshofer.de\/?p=1288#primaryimage\"},\"image\":{\"@id\":\"https:\/\/florina-vilgertshofer.de\/?p=1288#primaryimage\"},\"thumbnailUrl\":\"https:\/\/florina-vilgertshofer.de\/wp-content\/uploads\/2023\/04\/230420_BA_Maxvorstadt_Beschluesse_Gruene_Muenchen_Kommunalpolitik_Baumschutz_Radverkehr.png\",\"datePublished\":\"2023-04-18T21:01:39+00:00\",\"dateModified\":\"2025-08-12T09:04:50+00:00\",\"breadcrumb\":{\"@id\":\"https:\/\/florina-vilgertshofer.de\/?p=1288#breadcrumb\"},\"inLanguage\":\"de\",\"potentialAction\":[{\"@type\":\"ReadAction\",\"target\":[\"https:\/\/florina-vilgertshofer.de\/?p=1288\"]}]},{\"@type\":\"ImageObject\",\"inLanguage\":\"de\",\"@id\":\"https:\/\/florina-vilgertshofer.de\/?p=1288#primaryimage\",\"url\":\"https:\/\/florina-vilgertshofer.de\/wp-content\/uploads\/2023\/04\/230420_BA_Maxvorstadt_Beschluesse_Gruene_Muenchen_Kommunalpolitik_Baumschutz_Radverkehr.png\",\"contentUrl\":\"https:\/\/florina-vilgertshofer.de\/wp-content\/uploads\/2023\/04\/230420_BA_Maxvorstadt_Beschluesse_Gruene_Muenchen_Kommunalpolitik_Baumschutz_Radverkehr.png\",\"width\":1429,\"height\":1422},{\"@type\":\"BreadcrumbList\",\"@id\":\"https:\/\/florina-vilgertshofer.de\/?p=1288#breadcrumb\",\"itemListElement\":[{\"@type\":\"ListItem\",\"position\":1,\"name\":\"Startseite\",\"item\":\"https:\/\/florina-vilgertshofer.de\/\"},{\"@type\":\"ListItem\",\"position\":2,\"name\":\"Gr\u00fcne Erfolge im Bezirksauschuss!\"}]},{\"@type\":\"WebSite\",\"@id\":\"https:\/\/florina-vilgertshofer.de\/#website\",\"url\":\"https:\/\/florina-vilgertshofer.de\/\",\"name\":\"Florina Vilgertshofer\",\"description\":\"Bezirksr\u00e4tin I Kulturpolitikerin\",\"publisher\":{\"@id\":\"https:\/\/florina-vilgertshofer.de\/#\/schema\/person\/c634068ffbadf5345d5be6795bfe2fe7\"},\"alternateName\":\"Fina Vilgertshofer\",\"potentialAction\":[{\"@type\":\"SearchAction\",\"target\":{\"@type\":\"EntryPoint\",\"urlTemplate\":\"https:\/\/florina-vilgertshofer.de\/?s={search_term_string}\"},\"query-input\":{\"@type\":\"PropertyValueSpecification\",\"valueRequired\":true,\"valueName\":\"search_term_string\"}}],\"inLanguage\":\"de\"},{\"@type\":[\"Person\",\"Organization\"],\"@id\":\"https:\/\/florina-vilgertshofer.de\/#\/schema\/person\/c634068ffbadf5345d5be6795bfe2fe7\",\"name\":\"admin\",\"image\":{\"@type\":\"ImageObject\",\"inLanguage\":\"de\",\"@id\":\"https:\/\/florina-vilgertshofer.de\/#\/schema\/person\/image\/\",\"url\":\"http:\/\/florina-vilgertshofer.de\/wp-content\/uploads\/2023\/02\/florina-vilgertshofer-gruene-muenchen-schwabing-kandidatin-bezirkstag_breit-scaled.jpg\",\"contentUrl\":\"http:\/\/florina-vilgertshofer.de\/wp-content\/uploads\/2023\/02\/florina-vilgertshofer-gruene-muenchen-schwabing-kandidatin-bezirkstag_breit-scaled.jpg\",\"width\":2560,\"height\":1209,\"caption\":\"admin\"},\"logo\":{\"@id\":\"https:\/\/florina-vilgertshofer.de\/#\/schema\/person\/image\/\"},\"sameAs\":[\"http:\/\/florina-vilgertshofer.de\",\"https:\/\/www.facebook.com\/minny.cooper.9\",\"https:\/\/www.instagram.com\/finafinch\/\",\"https:\/\/www.linkedin.com\/in\/florina-fina-vilgertshofer-a5320093\/\"],\"url\":\"https:\/\/florina-vilgertshofer.de\/?author=1\"}]}<\/script>\n<!-- \/ Yoast SEO plugin. -->","yoast_head_json":{"title":"Florina Vilgertshofer I Gr\u00fcne Direktkandidatin","robots":{"index":"index","follow":"follow","max-snippet":"max-snippet:-1","max-image-preview":"max-image-preview:large","max-video-preview":"max-video-preview:-1"},"canonical":"https:\/\/florina-vilgertshofer.de\/?p=1288","og_locale":"de_DE","og_type":"article","og_title":"Florina Vilgertshofer I Gr\u00fcne Direktkandidatin","og_description":"Gr\u00fcne Erfolge im Bezirksauschuss! \u2022 Die Maxvorstadt ist ein lebendiges und lebenswerte Viertel &#8211; aber auch einer der Stadtteile in M\u00fcnchen mit dem wenigsten Gr\u00fcn. Au\u00dferdem ist aus einem Ortstermin [&hellip;]","og_url":"https:\/\/florina-vilgertshofer.de\/?p=1288","og_site_name":"Florina Vilgertshofer","article_publisher":"https:\/\/www.facebook.com\/minny.cooper.9","article_author":"https:\/\/www.facebook.com\/minny.cooper.9","article_published_time":"2023-04-18T21:01:39+00:00","article_modified_time":"2025-08-12T09:04:50+00:00","og_image":[{"width":1429,"height":1422,"url":"http:\/\/florina-vilgertshofer.de\/wp-content\/uploads\/2023\/04\/230420_BA_Maxvorstadt_Beschluesse_Gruene_Muenchen_Kommunalpolitik_Baumschutz_Radverkehr.png","type":"image\/png"}],"author":"admin","twitter_card":"summary_large_image","twitter_misc":{"Verfasst von":false,"Gesch\u00e4tzte Lesezeit":"1\u00a0Minute"},"schema":{"@context":"https:\/\/schema.org","@graph":[{"@type":"Article","@id":"https:\/\/florina-vilgertshofer.de\/?p=1288#article","isPartOf":{"@id":"https:\/\/florina-vilgertshofer.de\/?p=1288"},"author":{"name":"admin","@id":"https:\/\/florina-vilgertshofer.de\/#\/schema\/person\/c634068ffbadf5345d5be6795bfe2fe7"},"headline":"Gr\u00fcne Erfolge im Bezirksauschuss!","datePublished":"2023-04-18T21:01:39+00:00","dateModified":"2025-08-12T09:04:50+00:00","mainEntityOfPage":{"@id":"https:\/\/florina-vilgertshofer.de\/?p=1288"},"wordCount":62,"publisher":{"@id":"https:\/\/florina-vilgertshofer.de\/#\/schema\/person\/c634068ffbadf5345d5be6795bfe2fe7"},"image":{"@id":"https:\/\/florina-vilgertshofer.de\/?p=1288#primaryimage"},"thumbnailUrl":"https:\/\/florina-vilgertshofer.de\/wp-content\/uploads\/2023\/04\/230420_BA_Maxvorstadt_Beschluesse_Gruene_Muenchen_Kommunalpolitik_Baumschutz_Radverkehr.png","keywords":["Direktmandat","Gr\u00fcne","M\u00fcnchen","Schwabing"],"articleSection":["Aktuelles","Bezirksausschuss"],"inLanguage":"de"},{"@type":"WebPage","@id":"https:\/\/florina-vilgertshofer.de\/?p=1288","url":"https:\/\/florina-vilgertshofer.de\/?p=1288","name":"Florina Vilgertshofer I Gr\u00fcne Direktkandidatin","isPartOf":{"@id":"https:\/\/florina-vilgertshofer.de\/#website"},"primaryImageOfPage":{"@id":"https:\/\/florina-vilgertshofer.de\/?p=1288#primaryimage"},"image":{"@id":"https:\/\/florina-vilgertshofer.de\/?p=1288#primaryimage"},"thumbnailUrl":"https:\/\/florina-vilgertshofer.de\/wp-content\/uploads\/2023\/04\/230420_BA_Maxvorstadt_Beschluesse_Gruene_Muenchen_Kommunalpolitik_Baumschutz_Radverkehr.png","datePublished":"2023-04-18T21:01:39+00:00","dateModified":"2025-08-12T09:04:50+00:00","breadcrumb":{"@id":"https:\/\/florina-vilgertshofer.de\/?p=1288#breadcrumb"},"inLanguage":"de","potentialAction":[{"@type":"ReadAction","target":["https:\/\/florina-vilgertshofer.de\/?p=1288"]}]},{"@type":"ImageObject","inLanguage":"de","@id":"https:\/\/florina-vilgertshofer.de\/?p=1288#primaryimage","url":"https:\/\/florina-vilgertshofer.de\/wp-content\/uploads\/2023\/04\/230420_BA_Maxvorstadt_Beschluesse_Gruene_Muenchen_Kommunalpolitik_Baumschutz_Radverkehr.png","contentUrl":"https:\/\/florina-vilgertshofer.de\/wp-content\/uploads\/2023\/04\/230420_BA_Maxvorstadt_Beschluesse_Gruene_Muenchen_Kommunalpolitik_Baumschutz_Radverkehr.png","width":1429,"height":1422},{"@type":"BreadcrumbList","@id":"https:\/\/florina-vilgertshofer.de\/?p=1288#breadcrumb","itemListElement":[{"@type":"ListItem","position":1,"name":"Startseite","item":"https:\/\/florina-vilgertshofer.de\/"},{"@type":"ListItem","position":2,"name":"Gr\u00fcne Erfolge im Bezirksauschuss!"}]},{"@type":"WebSite","@id":"https:\/\/florina-vilgertshofer.de\/#website","url":"https:\/\/florina-vilgertshofer.de\/","name":"Florina Vilgertshofer","description":"Bezirksr\u00e4tin I Kulturpolitikerin","publisher":{"@id":"https:\/\/florina-vilgertshofer.de\/#\/schema\/person\/c634068ffbadf5345d5be6795bfe2fe7"},"alternateName":"Fina Vilgertshofer","potentialAction":[{"@type":"SearchAction","target":{"@type":"EntryPoint","urlTemplate":"https:\/\/florina-vilgertshofer.de\/?s={search_term_string}"},"query-input":{"@type":"PropertyValueSpecification","valueRequired":true,"valueName":"search_term_string"}}],"inLanguage":"de"},{"@type":["Person","Organization"],"@id":"https:\/\/florina-vilgertshofer.de\/#\/schema\/person\/c634068ffbadf5345d5be6795bfe2fe7","name":"admin","image":{"@type":"ImageObject","inLanguage":"de","@id":"https:\/\/florina-vilgertshofer.de\/#\/schema\/person\/image\/","url":"http:\/\/florina-vilgertshofer.de\/wp-content\/uploads\/2023\/02\/florina-vilgertshofer-gruene-muenchen-schwabing-kandidatin-bezirkstag_breit-scaled.jpg","contentUrl":"http:\/\/florina-vilgertshofer.de\/wp-content\/uploads\/2023\/02\/florina-vilgertshofer-gruene-muenchen-schwabing-kandidatin-bezirkstag_breit-scaled.jpg","width":2560,"height":1209,"caption":"admin"},"logo":{"@id":"https:\/\/florina-vilgertshofer.de\/#\/schema\/person\/image\/"},"sameAs":["http:\/\/florina-vilgertshofer.de","https:\/\/www.facebook.com\/minny.cooper.9","https:\/\/www.instagram.com\/finafinch\/","https:\/\/www.linkedin.com\/in\/florina-fina-vilgertshofer-a5320093\/"],"url":"https:\/\/florina-vilgertshofer.de\/?author=1"}]}},"_links":{"self":[{"href":"https:\/\/florina-vilgertshofer.de\/index.php?rest_route=\/wp\/v2\/posts\/1288","targetHints":{"allow":["GET"]}}],"collection":[{"href":"https:\/\/florina-vilgertshofer.de\/index.php?rest_route=\/wp\/v2\/posts"}],"about":[{"href":"https:\/\/florina-vilgertshofer.de\/index.php?rest_route=\/wp\/v2\/types\/post"}],"author":[{"embeddable":true,"href":"https:\/\/florina-vilgertshofer.de\/index.php?rest_route=\/wp\/v2\/users\/1"}],"replies":[{"embeddable":true,"href":"https:\/\/florina-vilgertshofer.de\/index.php?rest_route=%2Fwp%2Fv2%2Fcomments&post=1288"}],"version-history":[{"count":2,"href":"https:\/\/florina-vilgertshofer.de\/index.php?rest_route=\/wp\/v2\/posts\/1288\/revisions"}],"predecessor-version":[{"id":1290,"href":"https:\/\/florina-vilgertshofer.de\/index.php?rest_route=\/wp\/v2\/posts\/1288\/revisions\/1290"}],"wp:featuredmedia":[{"embeddable":true,"href":"https:\/\/florina-vilgertshofer.de\/index.php?rest_route=\/wp\/v2\/media\/387"}],"wp:attachment":[{"href":"https:\/\/florina-vilgertshofer.de\/index.php?rest_route=%2Fwp%2Fv2%2Fmedia&parent=1288"}],"wp:term":[{"taxonomy":"category","embeddable":true,"href":"https:\/\/florina-vilgertshofer.de\/index.php?rest_route=%2Fwp%2Fv2%2Fcategories&post=1288"},{"taxonomy":"post_tag","embeddable":true,"href":"https:\/\/florina-vilgertshofer.de\/index.php?rest_route=%2Fwp%2Fv2%2Ftags&post=1288"}],"curies":[{"name":"wp","href":"https:\/\/api.w.org\/{rel}","templated":true}]}}