{"id":1285,"date":"2023-06-12T20:58:26","date_gmt":"2023-06-12T20:58:26","guid":{"rendered":"https:\/\/florina-vilgertshofer.de\/?p=1285"},"modified":"2025-08-12T08:27:21","modified_gmt":"2025-08-12T08:27:21","slug":"kulturorte","status":"publish","type":"post","link":"https:\/\/florina-vilgertshofer.de\/?p=1285","title":{"rendered":"Podcast: Kulturorte in M\u00fcnchen \u2013 Zwischennutzungen als Chance f\u00fcr die Subkultur?"},"content":{"rendered":"\n<div style=\"height:60px\" aria-hidden=\"true\" class=\"wp-block-spacer\"><\/div>\n\n\n\n<h5 class=\"wp-block-heading\" style=\"font-size:clamp(18.959px, 1.185rem + ((1vw - 3.2px) * 1.255), 30px);font-style:normal;font-weight:200\">Podcast: Kulturorte in M\u00fcnchen \u2013 Zwischennutzungen als Chance f\u00fcr die Subkultur?<\/h5>\n\n\n\n<div style=\"height:60px\" aria-hidden=\"true\" class=\"wp-block-spacer\"><\/div>\n\n\n\n<p>\u2022 Vergangenen Monat, im Mai 2023 \u00f6ffnete das Fat Cat seine Tore: Der Gasteig, das gr\u00f6\u00dfte Kulturzentrum Europas, ist endlich wieder ge\u00f6ffnet! Bis vorerst Ende des Jahres steht das Geb\u00e4ude als Zwischennutzung offen. Die Philharmonie, die B\u00fcro- und Probenr\u00e4ume, die Black Box, der Carl-Amery-Saal \u2013 sie alle sollen wiederbelebt werden.<\/p>\n\n\n\n<p>Der Herausforderung, einen Kulturort zu etablieren, der sowohl kosteng\u00fcnstige Angebote f\u00fcr junge und aufstrebende Kreative bietet, als auch etablierten Kulturschaffenden Raum und Vernetzung bietet, hat sich eine Gruppe um Michi Kern, einem bekannten Veranstalter in M\u00fcnchen, gestellt. <\/p>\n\n\n\n<p>Ich habe mit Michi eine knappe Stunde \u00fcber die Herausforderungen und Chancen des Projekts f\u00fcr die Kultur in M\u00fcnchen gesprochen. <a href=\"https:\/\/muenchner-forum.de\/kulturorte-in-muenchen-zwischennutzungen-als-chance-fuer-die-subkultur-forum-aktuell-06-2023\/\" target=\"_blank\" rel=\"noreferrer noopener\">Hier k\u00f6nnt ihr den Beitrag nachh\u00f6ren.<\/a> <\/p>\n\n\n\n<div style=\"height:60px\" aria-hidden=\"true\" class=\"wp-block-spacer\"><\/div>\n","protected":false},"excerpt":{"rendered":"<p>Podcast: Kulturorte in M\u00fcnchen \u2013 Zwischennutzungen als Chance f\u00fcr die Subkultur? \u2022 Vergangenen Monat, im Mai 2023 \u00f6ffnete das Fat Cat seine Tore: Der Gasteig, das gr\u00f6\u00dfte Kulturzentrum Europas, ist [&hellip;]<\/p>\n","protected":false},"author":-1,"featured_media":668,"comment_status":"closed","ping_status":"open","sticky":false,"template":"","format":"standard","meta":{"footnotes":""},"categories":[15,52],"tags":[27,26,23,24,25],"class_list":["post-1285","post","type-post","status-publish","format-standard","has-post-thumbnail","hentry","category-aktuelles","category-muenchner-forum","tag-bezirkstag","tag-direktmandat","tag-gruene","tag-muenchen","tag-schwabing"],"yoast_head":"<!-- This site is optimized with the Yoast SEO plugin v25.7 - https:\/\/yoast.com\/wordpress\/plugins\/seo\/ -->\n<title>Florina Vilgertshofer I Gr\u00fcne Direktkandidatin<\/title>\n<meta name=\"robots\" content=\"index, follow, max-snippet:-1, max-image-preview:large, max-video-preview:-1\" \/>\n<link rel=\"canonical\" href=\"https:\/\/florina-vilgertshofer.de\/?p=1285\" \/>\n<meta property=\"og:locale\" content=\"de_DE\" \/>\n<meta property=\"og:type\" content=\"article\" \/>\n<meta property=\"og:title\" content=\"Florina Vilgertshofer I Gr\u00fcne Direktkandidatin\" \/>\n<meta property=\"og:description\" content=\"Podcast: Kulturorte in M\u00fcnchen \u2013 Zwischennutzungen als Chance f\u00fcr die Subkultur? \u2022 Vergangenen Monat, im Mai 2023 \u00f6ffnete das Fat Cat seine Tore: Der Gasteig, das gr\u00f6\u00dfte Kulturzentrum Europas, ist [&hellip;]\" \/>\n<meta property=\"og:url\" content=\"https:\/\/florina-vilgertshofer.de\/?p=1285\" \/>\n<meta property=\"og:site_name\" content=\"Florina Vilgertshofer\" \/>\n<meta property=\"article:publisher\" content=\"https:\/\/www.facebook.com\/minny.cooper.9\" \/>\n<meta property=\"article:author\" content=\"https:\/\/www.facebook.com\/minny.cooper.9\" \/>\n<meta property=\"article:published_time\" content=\"2023-06-12T20:58:26+00:00\" \/>\n<meta property=\"article:modified_time\" content=\"2025-08-12T08:27:21+00:00\" \/>\n<meta property=\"og:image\" content=\"http:\/\/florina-vilgertshofer.de\/wp-content\/uploads\/2023\/06\/Gasteig-Muenchen-Zwischennutzung-Podcast.png\" \/>\n\t<meta property=\"og:image:width\" content=\"1080\" \/>\n\t<meta property=\"og:image:height\" content=\"1080\" \/>\n\t<meta property=\"og:image:type\" content=\"image\/png\" \/>\n<meta name=\"author\" content=\"admin\" \/>\n<meta name=\"twitter:card\" content=\"summary_large_image\" \/>\n<meta name=\"twitter:label1\" content=\"Verfasst von\" \/>\n\t<meta name=\"twitter:data1\" content=\"\" \/>\n\t<meta name=\"twitter:label2\" content=\"Gesch\u00e4tzte Lesezeit\" \/>\n\t<meta name=\"twitter:data2\" content=\"1\u00a0Minute\" \/>\n<script type=\"application\/ld+json\" class=\"yoast-schema-graph\">{\"@context\":\"https:\/\/schema.org\",\"@graph\":[{\"@type\":\"Article\",\"@id\":\"https:\/\/florina-vilgertshofer.de\/?p=1285#article\",\"isPartOf\":{\"@id\":\"https:\/\/florina-vilgertshofer.de\/?p=1285\"},\"author\":{\"name\":\"admin\",\"@id\":\"https:\/\/florina-vilgertshofer.de\/#\/schema\/person\/c634068ffbadf5345d5be6795bfe2fe7\"},\"headline\":\"Podcast: Kulturorte in M\u00fcnchen \u2013 Zwischennutzungen als Chance f\u00fcr die Subkultur?\",\"datePublished\":\"2023-06-12T20:58:26+00:00\",\"dateModified\":\"2025-08-12T08:27:21+00:00\",\"mainEntityOfPage\":{\"@id\":\"https:\/\/florina-vilgertshofer.de\/?p=1285\"},\"wordCount\":146,\"publisher\":{\"@id\":\"https:\/\/florina-vilgertshofer.de\/#\/schema\/person\/c634068ffbadf5345d5be6795bfe2fe7\"},\"image\":{\"@id\":\"https:\/\/florina-vilgertshofer.de\/?p=1285#primaryimage\"},\"thumbnailUrl\":\"https:\/\/florina-vilgertshofer.de\/wp-content\/uploads\/2023\/06\/Gasteig-Muenchen-Zwischennutzung-Podcast.png\",\"keywords\":[\"Bezirkstag\",\"Direktmandat\",\"Gr\u00fcne\",\"M\u00fcnchen\",\"Schwabing\"],\"articleSection\":[\"Aktuelles\",\"M\u00fcnchner Forum\"],\"inLanguage\":\"de\"},{\"@type\":\"WebPage\",\"@id\":\"https:\/\/florina-vilgertshofer.de\/?p=1285\",\"url\":\"https:\/\/florina-vilgertshofer.de\/?p=1285\",\"name\":\"Florina Vilgertshofer I Gr\u00fcne Direktkandidatin\",\"isPartOf\":{\"@id\":\"https:\/\/florina-vilgertshofer.de\/#website\"},\"primaryImageOfPage\":{\"@id\":\"https:\/\/florina-vilgertshofer.de\/?p=1285#primaryimage\"},\"image\":{\"@id\":\"https:\/\/florina-vilgertshofer.de\/?p=1285#primaryimage\"},\"thumbnailUrl\":\"https:\/\/florina-vilgertshofer.de\/wp-content\/uploads\/2023\/06\/Gasteig-Muenchen-Zwischennutzung-Podcast.png\",\"datePublished\":\"2023-06-12T20:58:26+00:00\",\"dateModified\":\"2025-08-12T08:27:21+00:00\",\"breadcrumb\":{\"@id\":\"https:\/\/florina-vilgertshofer.de\/?p=1285#breadcrumb\"},\"inLanguage\":\"de\",\"potentialAction\":[{\"@type\":\"ReadAction\",\"target\":[\"https:\/\/florina-vilgertshofer.de\/?p=1285\"]}]},{\"@type\":\"ImageObject\",\"inLanguage\":\"de\",\"@id\":\"https:\/\/florina-vilgertshofer.de\/?p=1285#primaryimage\",\"url\":\"https:\/\/florina-vilgertshofer.de\/wp-content\/uploads\/2023\/06\/Gasteig-Muenchen-Zwischennutzung-Podcast.png\",\"contentUrl\":\"https:\/\/florina-vilgertshofer.de\/wp-content\/uploads\/2023\/06\/Gasteig-Muenchen-Zwischennutzung-Podcast.png\",\"width\":1080,\"height\":1080},{\"@type\":\"BreadcrumbList\",\"@id\":\"https:\/\/florina-vilgertshofer.de\/?p=1285#breadcrumb\",\"itemListElement\":[{\"@type\":\"ListItem\",\"position\":1,\"name\":\"Startseite\",\"item\":\"https:\/\/florina-vilgertshofer.de\/\"},{\"@type\":\"ListItem\",\"position\":2,\"name\":\"Podcast: Kulturorte in M\u00fcnchen \u2013 Zwischennutzungen als Chance f\u00fcr die Subkultur?\"}]},{\"@type\":\"WebSite\",\"@id\":\"https:\/\/florina-vilgertshofer.de\/#website\",\"url\":\"https:\/\/florina-vilgertshofer.de\/\",\"name\":\"Florina Vilgertshofer\",\"description\":\"Bezirksr\u00e4tin I Kulturpolitikerin\",\"publisher\":{\"@id\":\"https:\/\/florina-vilgertshofer.de\/#\/schema\/person\/c634068ffbadf5345d5be6795bfe2fe7\"},\"alternateName\":\"Fina Vilgertshofer\",\"potentialAction\":[{\"@type\":\"SearchAction\",\"target\":{\"@type\":\"EntryPoint\",\"urlTemplate\":\"https:\/\/florina-vilgertshofer.de\/?s={search_term_string}\"},\"query-input\":{\"@type\":\"PropertyValueSpecification\",\"valueRequired\":true,\"valueName\":\"search_term_string\"}}],\"inLanguage\":\"de\"},{\"@type\":[\"Person\",\"Organization\"],\"@id\":\"https:\/\/florina-vilgertshofer.de\/#\/schema\/person\/c634068ffbadf5345d5be6795bfe2fe7\",\"name\":\"admin\",\"image\":{\"@type\":\"ImageObject\",\"inLanguage\":\"de\",\"@id\":\"https:\/\/florina-vilgertshofer.de\/#\/schema\/person\/image\/\",\"url\":\"http:\/\/florina-vilgertshofer.de\/wp-content\/uploads\/2023\/02\/florina-vilgertshofer-gruene-muenchen-schwabing-kandidatin-bezirkstag_breit-scaled.jpg\",\"contentUrl\":\"http:\/\/florina-vilgertshofer.de\/wp-content\/uploads\/2023\/02\/florina-vilgertshofer-gruene-muenchen-schwabing-kandidatin-bezirkstag_breit-scaled.jpg\",\"width\":2560,\"height\":1209,\"caption\":\"admin\"},\"logo\":{\"@id\":\"https:\/\/florina-vilgertshofer.de\/#\/schema\/person\/image\/\"},\"sameAs\":[\"http:\/\/florina-vilgertshofer.de\",\"https:\/\/www.facebook.com\/minny.cooper.9\",\"https:\/\/www.instagram.com\/finafinch\/\",\"https:\/\/www.linkedin.com\/in\/florina-fina-vilgertshofer-a5320093\/\"],\"url\":\"https:\/\/florina-vilgertshofer.de\/?author=1\"}]}<\/script>\n<!-- \/ Yoast SEO plugin. -->","yoast_head_json":{"title":"Florina Vilgertshofer I Gr\u00fcne Direktkandidatin","robots":{"index":"index","follow":"follow","max-snippet":"max-snippet:-1","max-image-preview":"max-image-preview:large","max-video-preview":"max-video-preview:-1"},"canonical":"https:\/\/florina-vilgertshofer.de\/?p=1285","og_locale":"de_DE","og_type":"article","og_title":"Florina Vilgertshofer I Gr\u00fcne Direktkandidatin","og_description":"Podcast: Kulturorte in M\u00fcnchen \u2013 Zwischennutzungen als Chance f\u00fcr die Subkultur? \u2022 Vergangenen Monat, im Mai 2023 \u00f6ffnete das Fat Cat seine Tore: Der Gasteig, das gr\u00f6\u00dfte Kulturzentrum Europas, ist [&hellip;]","og_url":"https:\/\/florina-vilgertshofer.de\/?p=1285","og_site_name":"Florina Vilgertshofer","article_publisher":"https:\/\/www.facebook.com\/minny.cooper.9","article_author":"https:\/\/www.facebook.com\/minny.cooper.9","article_published_time":"2023-06-12T20:58:26+00:00","article_modified_time":"2025-08-12T08:27:21+00:00","og_image":[{"width":1080,"height":1080,"url":"http:\/\/florina-vilgertshofer.de\/wp-content\/uploads\/2023\/06\/Gasteig-Muenchen-Zwischennutzung-Podcast.png","type":"image\/png"}],"author":"admin","twitter_card":"summary_large_image","twitter_misc":{"Verfasst von":false,"Gesch\u00e4tzte Lesezeit":"1\u00a0Minute"},"schema":{"@context":"https:\/\/schema.org","@graph":[{"@type":"Article","@id":"https:\/\/florina-vilgertshofer.de\/?p=1285#article","isPartOf":{"@id":"https:\/\/florina-vilgertshofer.de\/?p=1285"},"author":{"name":"admin","@id":"https:\/\/florina-vilgertshofer.de\/#\/schema\/person\/c634068ffbadf5345d5be6795bfe2fe7"},"headline":"Podcast: Kulturorte in M\u00fcnchen \u2013 Zwischennutzungen als Chance f\u00fcr die Subkultur?","datePublished":"2023-06-12T20:58:26+00:00","dateModified":"2025-08-12T08:27:21+00:00","mainEntityOfPage":{"@id":"https:\/\/florina-vilgertshofer.de\/?p=1285"},"wordCount":146,"publisher":{"@id":"https:\/\/florina-vilgertshofer.de\/#\/schema\/person\/c634068ffbadf5345d5be6795bfe2fe7"},"image":{"@id":"https:\/\/florina-vilgertshofer.de\/?p=1285#primaryimage"},"thumbnailUrl":"https:\/\/florina-vilgertshofer.de\/wp-content\/uploads\/2023\/06\/Gasteig-Muenchen-Zwischennutzung-Podcast.png","keywords":["Bezirkstag","Direktmandat","Gr\u00fcne","M\u00fcnchen","Schwabing"],"articleSection":["Aktuelles","M\u00fcnchner Forum"],"inLanguage":"de"},{"@type":"WebPage","@id":"https:\/\/florina-vilgertshofer.de\/?p=1285","url":"https:\/\/florina-vilgertshofer.de\/?p=1285","name":"Florina Vilgertshofer I Gr\u00fcne Direktkandidatin","isPartOf":{"@id":"https:\/\/florina-vilgertshofer.de\/#website"},"primaryImageOfPage":{"@id":"https:\/\/florina-vilgertshofer.de\/?p=1285#primaryimage"},"image":{"@id":"https:\/\/florina-vilgertshofer.de\/?p=1285#primaryimage"},"thumbnailUrl":"https:\/\/florina-vilgertshofer.de\/wp-content\/uploads\/2023\/06\/Gasteig-Muenchen-Zwischennutzung-Podcast.png","datePublished":"2023-06-12T20:58:26+00:00","dateModified":"2025-08-12T08:27:21+00:00","breadcrumb":{"@id":"https:\/\/florina-vilgertshofer.de\/?p=1285#breadcrumb"},"inLanguage":"de","potentialAction":[{"@type":"ReadAction","target":["https:\/\/florina-vilgertshofer.de\/?p=1285"]}]},{"@type":"ImageObject","inLanguage":"de","@id":"https:\/\/florina-vilgertshofer.de\/?p=1285#primaryimage","url":"https:\/\/florina-vilgertshofer.de\/wp-content\/uploads\/2023\/06\/Gasteig-Muenchen-Zwischennutzung-Podcast.png","contentUrl":"https:\/\/florina-vilgertshofer.de\/wp-content\/uploads\/2023\/06\/Gasteig-Muenchen-Zwischennutzung-Podcast.png","width":1080,"height":1080},{"@type":"BreadcrumbList","@id":"https:\/\/florina-vilgertshofer.de\/?p=1285#breadcrumb","itemListElement":[{"@type":"ListItem","position":1,"name":"Startseite","item":"https:\/\/florina-vilgertshofer.de\/"},{"@type":"ListItem","position":2,"name":"Podcast: Kulturorte in M\u00fcnchen \u2013 Zwischennutzungen als Chance f\u00fcr die Subkultur?"}]},{"@type":"WebSite","@id":"https:\/\/florina-vilgertshofer.de\/#website","url":"https:\/\/florina-vilgertshofer.de\/","name":"Florina Vilgertshofer","description":"Bezirksr\u00e4tin I Kulturpolitikerin","publisher":{"@id":"https:\/\/florina-vilgertshofer.de\/#\/schema\/person\/c634068ffbadf5345d5be6795bfe2fe7"},"alternateName":"Fina Vilgertshofer","potentialAction":[{"@type":"SearchAction","target":{"@type":"EntryPoint","urlTemplate":"https:\/\/florina-vilgertshofer.de\/?s={search_term_string}"},"query-input":{"@type":"PropertyValueSpecification","valueRequired":true,"valueName":"search_term_string"}}],"inLanguage":"de"},{"@type":["Person","Organization"],"@id":"https:\/\/florina-vilgertshofer.de\/#\/schema\/person\/c634068ffbadf5345d5be6795bfe2fe7","name":"admin","image":{"@type":"ImageObject","inLanguage":"de","@id":"https:\/\/florina-vilgertshofer.de\/#\/schema\/person\/image\/","url":"http:\/\/florina-vilgertshofer.de\/wp-content\/uploads\/2023\/02\/florina-vilgertshofer-gruene-muenchen-schwabing-kandidatin-bezirkstag_breit-scaled.jpg","contentUrl":"http:\/\/florina-vilgertshofer.de\/wp-content\/uploads\/2023\/02\/florina-vilgertshofer-gruene-muenchen-schwabing-kandidatin-bezirkstag_breit-scaled.jpg","width":2560,"height":1209,"caption":"admin"},"logo":{"@id":"https:\/\/florina-vilgertshofer.de\/#\/schema\/person\/image\/"},"sameAs":["http:\/\/florina-vilgertshofer.de","https:\/\/www.facebook.com\/minny.cooper.9","https:\/\/www.instagram.com\/finafinch\/","https:\/\/www.linkedin.com\/in\/florina-fina-vilgertshofer-a5320093\/"],"url":"https:\/\/florina-vilgertshofer.de\/?author=1"}]}},"_links":{"self":[{"href":"https:\/\/florina-vilgertshofer.de\/index.php?rest_route=\/wp\/v2\/posts\/1285","targetHints":{"allow":["GET"]}}],"collection":[{"href":"https:\/\/florina-vilgertshofer.de\/index.php?rest_route=\/wp\/v2\/posts"}],"about":[{"href":"https:\/\/florina-vilgertshofer.de\/index.php?rest_route=\/wp\/v2\/types\/post"}],"author":[{"embeddable":true,"href":"https:\/\/florina-vilgertshofer.de\/index.php?rest_route=\/wp\/v2\/users\/1"}],"replies":[{"embeddable":true,"href":"https:\/\/florina-vilgertshofer.de\/index.php?rest_route=%2Fwp%2Fv2%2Fcomments&post=1285"}],"version-history":[{"count":2,"href":"https:\/\/florina-vilgertshofer.de\/index.php?rest_route=\/wp\/v2\/posts\/1285\/revisions"}],"predecessor-version":[{"id":1287,"href":"https:\/\/florina-vilgertshofer.de\/index.php?rest_route=\/wp\/v2\/posts\/1285\/revisions\/1287"}],"wp:featuredmedia":[{"embeddable":true,"href":"https:\/\/florina-vilgertshofer.de\/index.php?rest_route=\/wp\/v2\/media\/668"}],"wp:attachment":[{"href":"https:\/\/florina-vilgertshofer.de\/index.php?rest_route=%2Fwp%2Fv2%2Fmedia&parent=1285"}],"wp:term":[{"taxonomy":"category","embeddable":true,"href":"https:\/\/florina-vilgertshofer.de\/index.php?rest_route=%2Fwp%2Fv2%2Fcategories&post=1285"},{"taxonomy":"post_tag","embeddable":true,"href":"https:\/\/florina-vilgertshofer.de\/index.php?rest_route=%2Fwp%2Fv2%2Ftags&post=1285"}],"curies":[{"name":"wp","href":"https:\/\/api.w.org\/{rel}","templated":true}]}}