{"id":1047,"date":"2023-01-21T19:25:54","date_gmt":"2023-01-21T19:25:54","guid":{"rendered":"https:\/\/florina-vilgertshofer.de\/?p=1047"},"modified":"2025-08-12T09:05:28","modified_gmt":"2025-08-12T09:05:28","slug":"kunstareal","status":"publish","type":"post","link":"https:\/\/florina-vilgertshofer.de\/?p=1047","title":{"rendered":"Antrag: 10 Jahre B\u00fcrgergutachten, 5 Jahre Masterplan \u2013 Wann passiert endlich etwas im Kunstareal?"},"content":{"rendered":"\n<div style=\"height:60px\" aria-hidden=\"true\" class=\"wp-block-spacer\"><\/div>\n\n\n\n<p class=\"has-text-align-right\" style=\"font-size:clamp(14px, 0.875rem + ((1vw - 3.2px) * 0.114), 15px);\">Dezember 2022<\/p>\n\n\n\n<p style=\"font-size:clamp(18.959px, 1.185rem + ((1vw - 3.2px) * 1.255), 30px);\"><a href=\"https:\/\/risi.muenchen.de\/risi\/dokument\/v\/7557969\">10 Jahre B\u00fcrgergutachten, 5 Jahre Masterplan \u2013 Wann passiert endlich etwas im Kunstarea<\/a><a href=\"https:\/\/risi.muenchen.de\/risi\/dokument\/v\/7564073\">l?<\/a><\/p>\n\n\n\n<p>Quo vadis Kunstareal?<br>Seit 2009 arbeiten die Museen, Ausstellungsh\u00e4user, Galerien und Hochschulen im Herzen der Maxvorstadt unter dem Titel \u201aKunstareal\u2018 zusammen. Vor genau 10 Jahren, 2012, wurde ein B\u00fcrgergutachten in Auftrag gegeben.\u00a0<br>Das Ziel: Impulse und Ideen zur Verbesserung des Areals, zu Sichtbarkeit und Vernetzung der Institutionen und zur bedarfsgerechteren Nutzung, insbesondere der Freifl\u00e4chen, zu erarbeiten.\u00a0<br>Aber: Was ist seitdem passiert? Welche der Ideen und Vorschl\u00e4ge wurden\u00a0umgesetzt oder sind in Planung?<br>\u00a0Das Kunstareal, im Herzen der Maxvorstadt, ist ein einzigartiges Quartier mit einer unglaublichen Dichte an Kultureinrichtungen, Hochschulen und Gr\u00fcnfl\u00e4chen mit einem unglaublichen Potenzial f\u00fcr alle Maxvorst\u00e4dter*innen, alle M\u00fcnchner*innen und nat\u00fcrlich auch f\u00fcr alle Besucher*innen.<br>Ich will wissen, was der aktuelle\u00a0Planungsstand ist, welche Ideen wann umgesetzt werden und ob das Kunstareal schon bald als zusammenh\u00e4ngendes Areal, mit vielen verkehrsberuhigten Bereichen zu erleben ist &#8211; so wie es im B\u00fcrgergutachten vorgeschlagen wurde! <a href=\"https:\/\/risi.muenchen.de\/risi\/dokument\/v\/7641499\">H<\/a><a href=\"https:\/\/risi.muenchen.de\/risi\/dokument\/v\/7564073\" target=\"_blank\" rel=\"noreferrer noopener\">ier findest du meinen Antrag im Original.<\/a><\/p>\n\n\n\n<div style=\"height:60px\" aria-hidden=\"true\" class=\"wp-block-spacer\"><\/div>\n","protected":false},"excerpt":{"rendered":"<p>Dezember 2022 10 Jahre B\u00fcrgergutachten, 5 Jahre Masterplan \u2013 Wann passiert endlich etwas im Kunstareal? Quo vadis Kunstareal?Seit 2009 arbeiten die Museen, Ausstellungsh\u00e4user, Galerien und Hochschulen im Herzen der Maxvorstadt [&hellip;]<\/p>\n","protected":false},"author":-1,"featured_media":1049,"comment_status":"closed","ping_status":"open","sticky":false,"template":"","format":"standard","meta":{"footnotes":""},"categories":[15,1],"tags":[11,14,19,9],"class_list":["post-1047","post","type-post","status-publish","format-standard","has-post-thumbnail","hentry","category-aktuelles","category-bezirksausschuss","tag-bezirksausschuss","tag-kunst","tag-kunstareal","tag-maxvorstadt"],"yoast_head":"<!-- This site is optimized with the Yoast SEO plugin v25.7 - https:\/\/yoast.com\/wordpress\/plugins\/seo\/ -->\n<title>Florina Vilgertshofer I Gr\u00fcne Direktkandidatin<\/title>\n<meta name=\"robots\" content=\"index, follow, max-snippet:-1, max-image-preview:large, max-video-preview:-1\" \/>\n<link rel=\"canonical\" href=\"https:\/\/florina-vilgertshofer.de\/?p=1047\" \/>\n<meta property=\"og:locale\" content=\"de_DE\" \/>\n<meta property=\"og:type\" content=\"article\" \/>\n<meta property=\"og:title\" content=\"Florina Vilgertshofer I Gr\u00fcne Direktkandidatin\" \/>\n<meta property=\"og:description\" content=\"Dezember 2022 10 Jahre B\u00fcrgergutachten, 5 Jahre Masterplan \u2013 Wann passiert endlich etwas im Kunstareal? Quo vadis Kunstareal?Seit 2009 arbeiten die Museen, Ausstellungsh\u00e4user, Galerien und Hochschulen im Herzen der Maxvorstadt [&hellip;]\" \/>\n<meta property=\"og:url\" content=\"https:\/\/florina-vilgertshofer.de\/?p=1047\" \/>\n<meta property=\"og:site_name\" content=\"Florina Vilgertshofer\" \/>\n<meta property=\"article:publisher\" content=\"https:\/\/www.facebook.com\/minny.cooper.9\" \/>\n<meta property=\"article:author\" content=\"https:\/\/www.facebook.com\/minny.cooper.9\" \/>\n<meta property=\"article:published_time\" content=\"2023-01-21T19:25:54+00:00\" \/>\n<meta property=\"article:modified_time\" content=\"2025-08-12T09:05:28+00:00\" \/>\n<meta property=\"og:image\" content=\"http:\/\/florina-vilgertshofer.de\/wp-content\/uploads\/2023\/01\/Kunstareal_Muenchen_Buergergutachten_Fortschritt_Gruene-Maxvorstadt-768x770.png\" \/>\n\t<meta property=\"og:image:width\" content=\"768\" \/>\n\t<meta property=\"og:image:height\" content=\"770\" \/>\n\t<meta property=\"og:image:type\" content=\"image\/png\" \/>\n<meta name=\"author\" content=\"admin\" \/>\n<meta name=\"twitter:card\" content=\"summary_large_image\" \/>\n<meta name=\"twitter:label1\" content=\"Verfasst von\" \/>\n\t<meta name=\"twitter:data1\" content=\"\" \/>\n\t<meta name=\"twitter:label2\" content=\"Gesch\u00e4tzte Lesezeit\" \/>\n\t<meta name=\"twitter:data2\" content=\"1\u00a0Minute\" \/>\n<script type=\"application\/ld+json\" class=\"yoast-schema-graph\">{\"@context\":\"https:\/\/schema.org\",\"@graph\":[{\"@type\":\"Article\",\"@id\":\"https:\/\/florina-vilgertshofer.de\/?p=1047#article\",\"isPartOf\":{\"@id\":\"https:\/\/florina-vilgertshofer.de\/?p=1047\"},\"author\":{\"name\":\"admin\",\"@id\":\"https:\/\/florina-vilgertshofer.de\/#\/schema\/person\/c634068ffbadf5345d5be6795bfe2fe7\"},\"headline\":\"Antrag: 10 Jahre B\u00fcrgergutachten, 5 Jahre Masterplan \u2013 Wann passiert endlich etwas im Kunstareal?\",\"datePublished\":\"2023-01-21T19:25:54+00:00\",\"dateModified\":\"2025-08-12T09:05:28+00:00\",\"mainEntityOfPage\":{\"@id\":\"https:\/\/florina-vilgertshofer.de\/?p=1047\"},\"wordCount\":189,\"publisher\":{\"@id\":\"https:\/\/florina-vilgertshofer.de\/#\/schema\/person\/c634068ffbadf5345d5be6795bfe2fe7\"},\"image\":{\"@id\":\"https:\/\/florina-vilgertshofer.de\/?p=1047#primaryimage\"},\"thumbnailUrl\":\"https:\/\/florina-vilgertshofer.de\/wp-content\/uploads\/2023\/01\/Kunstareal_Muenchen_Buergergutachten_Fortschritt_Gruene-Maxvorstadt.png\",\"keywords\":[\"Bezirksausschuss\",\"Kunst\",\"Kunstareal\",\"Maxvorstadt\"],\"articleSection\":[\"Aktuelles\",\"Bezirksausschuss\"],\"inLanguage\":\"de\"},{\"@type\":\"WebPage\",\"@id\":\"https:\/\/florina-vilgertshofer.de\/?p=1047\",\"url\":\"https:\/\/florina-vilgertshofer.de\/?p=1047\",\"name\":\"Florina Vilgertshofer I Gr\u00fcne Direktkandidatin\",\"isPartOf\":{\"@id\":\"https:\/\/florina-vilgertshofer.de\/#website\"},\"primaryImageOfPage\":{\"@id\":\"https:\/\/florina-vilgertshofer.de\/?p=1047#primaryimage\"},\"image\":{\"@id\":\"https:\/\/florina-vilgertshofer.de\/?p=1047#primaryimage\"},\"thumbnailUrl\":\"https:\/\/florina-vilgertshofer.de\/wp-content\/uploads\/2023\/01\/Kunstareal_Muenchen_Buergergutachten_Fortschritt_Gruene-Maxvorstadt.png\",\"datePublished\":\"2023-01-21T19:25:54+00:00\",\"dateModified\":\"2025-08-12T09:05:28+00:00\",\"breadcrumb\":{\"@id\":\"https:\/\/florina-vilgertshofer.de\/?p=1047#breadcrumb\"},\"inLanguage\":\"de\",\"potentialAction\":[{\"@type\":\"ReadAction\",\"target\":[\"https:\/\/florina-vilgertshofer.de\/?p=1047\"]}]},{\"@type\":\"ImageObject\",\"inLanguage\":\"de\",\"@id\":\"https:\/\/florina-vilgertshofer.de\/?p=1047#primaryimage\",\"url\":\"https:\/\/florina-vilgertshofer.de\/wp-content\/uploads\/2023\/01\/Kunstareal_Muenchen_Buergergutachten_Fortschritt_Gruene-Maxvorstadt.png\",\"contentUrl\":\"https:\/\/florina-vilgertshofer.de\/wp-content\/uploads\/2023\/01\/Kunstareal_Muenchen_Buergergutachten_Fortschritt_Gruene-Maxvorstadt.png\",\"width\":1265,\"height\":1268},{\"@type\":\"BreadcrumbList\",\"@id\":\"https:\/\/florina-vilgertshofer.de\/?p=1047#breadcrumb\",\"itemListElement\":[{\"@type\":\"ListItem\",\"position\":1,\"name\":\"Startseite\",\"item\":\"https:\/\/florina-vilgertshofer.de\/\"},{\"@type\":\"ListItem\",\"position\":2,\"name\":\"Antrag: 10 Jahre B\u00fcrgergutachten, 5 Jahre Masterplan \u2013 Wann passiert endlich etwas im Kunstareal?\"}]},{\"@type\":\"WebSite\",\"@id\":\"https:\/\/florina-vilgertshofer.de\/#website\",\"url\":\"https:\/\/florina-vilgertshofer.de\/\",\"name\":\"Florina Vilgertshofer\",\"description\":\"Bezirksr\u00e4tin I Kulturpolitikerin\",\"publisher\":{\"@id\":\"https:\/\/florina-vilgertshofer.de\/#\/schema\/person\/c634068ffbadf5345d5be6795bfe2fe7\"},\"alternateName\":\"Fina Vilgertshofer\",\"potentialAction\":[{\"@type\":\"SearchAction\",\"target\":{\"@type\":\"EntryPoint\",\"urlTemplate\":\"https:\/\/florina-vilgertshofer.de\/?s={search_term_string}\"},\"query-input\":{\"@type\":\"PropertyValueSpecification\",\"valueRequired\":true,\"valueName\":\"search_term_string\"}}],\"inLanguage\":\"de\"},{\"@type\":[\"Person\",\"Organization\"],\"@id\":\"https:\/\/florina-vilgertshofer.de\/#\/schema\/person\/c634068ffbadf5345d5be6795bfe2fe7\",\"name\":\"admin\",\"image\":{\"@type\":\"ImageObject\",\"inLanguage\":\"de\",\"@id\":\"https:\/\/florina-vilgertshofer.de\/#\/schema\/person\/image\/\",\"url\":\"http:\/\/florina-vilgertshofer.de\/wp-content\/uploads\/2023\/02\/florina-vilgertshofer-gruene-muenchen-schwabing-kandidatin-bezirkstag_breit-scaled.jpg\",\"contentUrl\":\"http:\/\/florina-vilgertshofer.de\/wp-content\/uploads\/2023\/02\/florina-vilgertshofer-gruene-muenchen-schwabing-kandidatin-bezirkstag_breit-scaled.jpg\",\"width\":2560,\"height\":1209,\"caption\":\"admin\"},\"logo\":{\"@id\":\"https:\/\/florina-vilgertshofer.de\/#\/schema\/person\/image\/\"},\"sameAs\":[\"http:\/\/florina-vilgertshofer.de\",\"https:\/\/www.facebook.com\/minny.cooper.9\",\"https:\/\/www.instagram.com\/finafinch\/\",\"https:\/\/www.linkedin.com\/in\/florina-fina-vilgertshofer-a5320093\/\"],\"url\":\"https:\/\/florina-vilgertshofer.de\/?author=1\"}]}<\/script>\n<!-- \/ Yoast SEO plugin. -->","yoast_head_json":{"title":"Florina Vilgertshofer I Gr\u00fcne Direktkandidatin","robots":{"index":"index","follow":"follow","max-snippet":"max-snippet:-1","max-image-preview":"max-image-preview:large","max-video-preview":"max-video-preview:-1"},"canonical":"https:\/\/florina-vilgertshofer.de\/?p=1047","og_locale":"de_DE","og_type":"article","og_title":"Florina Vilgertshofer I Gr\u00fcne Direktkandidatin","og_description":"Dezember 2022 10 Jahre B\u00fcrgergutachten, 5 Jahre Masterplan \u2013 Wann passiert endlich etwas im Kunstareal? Quo vadis Kunstareal?Seit 2009 arbeiten die Museen, Ausstellungsh\u00e4user, Galerien und Hochschulen im Herzen der Maxvorstadt [&hellip;]","og_url":"https:\/\/florina-vilgertshofer.de\/?p=1047","og_site_name":"Florina Vilgertshofer","article_publisher":"https:\/\/www.facebook.com\/minny.cooper.9","article_author":"https:\/\/www.facebook.com\/minny.cooper.9","article_published_time":"2023-01-21T19:25:54+00:00","article_modified_time":"2025-08-12T09:05:28+00:00","og_image":[{"width":768,"height":770,"url":"http:\/\/florina-vilgertshofer.de\/wp-content\/uploads\/2023\/01\/Kunstareal_Muenchen_Buergergutachten_Fortschritt_Gruene-Maxvorstadt-768x770.png","type":"image\/png"}],"author":"admin","twitter_card":"summary_large_image","twitter_misc":{"Verfasst von":false,"Gesch\u00e4tzte Lesezeit":"1\u00a0Minute"},"schema":{"@context":"https:\/\/schema.org","@graph":[{"@type":"Article","@id":"https:\/\/florina-vilgertshofer.de\/?p=1047#article","isPartOf":{"@id":"https:\/\/florina-vilgertshofer.de\/?p=1047"},"author":{"name":"admin","@id":"https:\/\/florina-vilgertshofer.de\/#\/schema\/person\/c634068ffbadf5345d5be6795bfe2fe7"},"headline":"Antrag: 10 Jahre B\u00fcrgergutachten, 5 Jahre Masterplan \u2013 Wann passiert endlich etwas im Kunstareal?","datePublished":"2023-01-21T19:25:54+00:00","dateModified":"2025-08-12T09:05:28+00:00","mainEntityOfPage":{"@id":"https:\/\/florina-vilgertshofer.de\/?p=1047"},"wordCount":189,"publisher":{"@id":"https:\/\/florina-vilgertshofer.de\/#\/schema\/person\/c634068ffbadf5345d5be6795bfe2fe7"},"image":{"@id":"https:\/\/florina-vilgertshofer.de\/?p=1047#primaryimage"},"thumbnailUrl":"https:\/\/florina-vilgertshofer.de\/wp-content\/uploads\/2023\/01\/Kunstareal_Muenchen_Buergergutachten_Fortschritt_Gruene-Maxvorstadt.png","keywords":["Bezirksausschuss","Kunst","Kunstareal","Maxvorstadt"],"articleSection":["Aktuelles","Bezirksausschuss"],"inLanguage":"de"},{"@type":"WebPage","@id":"https:\/\/florina-vilgertshofer.de\/?p=1047","url":"https:\/\/florina-vilgertshofer.de\/?p=1047","name":"Florina Vilgertshofer I Gr\u00fcne Direktkandidatin","isPartOf":{"@id":"https:\/\/florina-vilgertshofer.de\/#website"},"primaryImageOfPage":{"@id":"https:\/\/florina-vilgertshofer.de\/?p=1047#primaryimage"},"image":{"@id":"https:\/\/florina-vilgertshofer.de\/?p=1047#primaryimage"},"thumbnailUrl":"https:\/\/florina-vilgertshofer.de\/wp-content\/uploads\/2023\/01\/Kunstareal_Muenchen_Buergergutachten_Fortschritt_Gruene-Maxvorstadt.png","datePublished":"2023-01-21T19:25:54+00:00","dateModified":"2025-08-12T09:05:28+00:00","breadcrumb":{"@id":"https:\/\/florina-vilgertshofer.de\/?p=1047#breadcrumb"},"inLanguage":"de","potentialAction":[{"@type":"ReadAction","target":["https:\/\/florina-vilgertshofer.de\/?p=1047"]}]},{"@type":"ImageObject","inLanguage":"de","@id":"https:\/\/florina-vilgertshofer.de\/?p=1047#primaryimage","url":"https:\/\/florina-vilgertshofer.de\/wp-content\/uploads\/2023\/01\/Kunstareal_Muenchen_Buergergutachten_Fortschritt_Gruene-Maxvorstadt.png","contentUrl":"https:\/\/florina-vilgertshofer.de\/wp-content\/uploads\/2023\/01\/Kunstareal_Muenchen_Buergergutachten_Fortschritt_Gruene-Maxvorstadt.png","width":1265,"height":1268},{"@type":"BreadcrumbList","@id":"https:\/\/florina-vilgertshofer.de\/?p=1047#breadcrumb","itemListElement":[{"@type":"ListItem","position":1,"name":"Startseite","item":"https:\/\/florina-vilgertshofer.de\/"},{"@type":"ListItem","position":2,"name":"Antrag: 10 Jahre B\u00fcrgergutachten, 5 Jahre Masterplan \u2013 Wann passiert endlich etwas im Kunstareal?"}]},{"@type":"WebSite","@id":"https:\/\/florina-vilgertshofer.de\/#website","url":"https:\/\/florina-vilgertshofer.de\/","name":"Florina Vilgertshofer","description":"Bezirksr\u00e4tin I Kulturpolitikerin","publisher":{"@id":"https:\/\/florina-vilgertshofer.de\/#\/schema\/person\/c634068ffbadf5345d5be6795bfe2fe7"},"alternateName":"Fina Vilgertshofer","potentialAction":[{"@type":"SearchAction","target":{"@type":"EntryPoint","urlTemplate":"https:\/\/florina-vilgertshofer.de\/?s={search_term_string}"},"query-input":{"@type":"PropertyValueSpecification","valueRequired":true,"valueName":"search_term_string"}}],"inLanguage":"de"},{"@type":["Person","Organization"],"@id":"https:\/\/florina-vilgertshofer.de\/#\/schema\/person\/c634068ffbadf5345d5be6795bfe2fe7","name":"admin","image":{"@type":"ImageObject","inLanguage":"de","@id":"https:\/\/florina-vilgertshofer.de\/#\/schema\/person\/image\/","url":"http:\/\/florina-vilgertshofer.de\/wp-content\/uploads\/2023\/02\/florina-vilgertshofer-gruene-muenchen-schwabing-kandidatin-bezirkstag_breit-scaled.jpg","contentUrl":"http:\/\/florina-vilgertshofer.de\/wp-content\/uploads\/2023\/02\/florina-vilgertshofer-gruene-muenchen-schwabing-kandidatin-bezirkstag_breit-scaled.jpg","width":2560,"height":1209,"caption":"admin"},"logo":{"@id":"https:\/\/florina-vilgertshofer.de\/#\/schema\/person\/image\/"},"sameAs":["http:\/\/florina-vilgertshofer.de","https:\/\/www.facebook.com\/minny.cooper.9","https:\/\/www.instagram.com\/finafinch\/","https:\/\/www.linkedin.com\/in\/florina-fina-vilgertshofer-a5320093\/"],"url":"https:\/\/florina-vilgertshofer.de\/?author=1"}]}},"_links":{"self":[{"href":"https:\/\/florina-vilgertshofer.de\/index.php?rest_route=\/wp\/v2\/posts\/1047","targetHints":{"allow":["GET"]}}],"collection":[{"href":"https:\/\/florina-vilgertshofer.de\/index.php?rest_route=\/wp\/v2\/posts"}],"about":[{"href":"https:\/\/florina-vilgertshofer.de\/index.php?rest_route=\/wp\/v2\/types\/post"}],"author":[{"embeddable":true,"href":"https:\/\/florina-vilgertshofer.de\/index.php?rest_route=\/wp\/v2\/users\/1"}],"replies":[{"embeddable":true,"href":"https:\/\/florina-vilgertshofer.de\/index.php?rest_route=%2Fwp%2Fv2%2Fcomments&post=1047"}],"version-history":[{"count":2,"href":"https:\/\/florina-vilgertshofer.de\/index.php?rest_route=\/wp\/v2\/posts\/1047\/revisions"}],"predecessor-version":[{"id":1050,"href":"https:\/\/florina-vilgertshofer.de\/index.php?rest_route=\/wp\/v2\/posts\/1047\/revisions\/1050"}],"wp:featuredmedia":[{"embeddable":true,"href":"https:\/\/florina-vilgertshofer.de\/index.php?rest_route=\/wp\/v2\/media\/1049"}],"wp:attachment":[{"href":"https:\/\/florina-vilgertshofer.de\/index.php?rest_route=%2Fwp%2Fv2%2Fmedia&parent=1047"}],"wp:term":[{"taxonomy":"category","embeddable":true,"href":"https:\/\/florina-vilgertshofer.de\/index.php?rest_route=%2Fwp%2Fv2%2Fcategories&post=1047"},{"taxonomy":"post_tag","embeddable":true,"href":"https:\/\/florina-vilgertshofer.de\/index.php?rest_route=%2Fwp%2Fv2%2Ftags&post=1047"}],"curies":[{"name":"wp","href":"https:\/\/api.w.org\/{rel}","templated":true}]}}