{"id":1006,"date":"2022-12-06T17:14:38","date_gmt":"2022-12-06T17:14:38","guid":{"rendered":"https:\/\/florina-vilgertshofer.de\/?p=1006"},"modified":"2025-08-12T09:04:30","modified_gmt":"2025-08-12T09:04:30","slug":"fahrradstellplaetze","status":"publish","type":"post","link":"https:\/\/florina-vilgertshofer.de\/?p=1006","title":{"rendered":"Antrag: Fahrradstellpl\u00e4tze f\u00fcr Studierende"},"content":{"rendered":"\n<div style=\"height:60px\" aria-hidden=\"true\" class=\"wp-block-spacer\"><\/div>\n\n\n\n<p class=\"has-text-align-right\" style=\"font-size:clamp(14px, 0.875rem + ((1vw - 3.2px) * 0.114), 15px);\">Dezember 2022<\/p>\n\n\n\n<p style=\"font-size:clamp(18.959px, 1.185rem + ((1vw - 3.2px) * 1.255), 30px);\"><a href=\"https:\/\/risi.muenchen.de\/risi\/dokument\/v\/7557981\" target=\"_blank\" rel=\"noreferrer noopener\">Fahrradstellpl\u00e4tze f\u00fcr Studierende <\/a><\/p>\n\n\n\n<p>In der Richard-Wagner-Stra\u00dfe befindet sich die Hochschule f\u00fcr Politik an der<br>Technischen Universit\u00e4t M\u00fcnchen. Viele Studierende kommen t\u00e4glich mit dem Fahrrad zur<br>Hochschule, es gibt allerdings keinerlei Fahrradabstellpl\u00e4tze, die R\u00e4der k\u00f6nnen nicht<br>angesperrt werden. Die R\u00e4der werden wild auf dem Gehweg geparkt. Deshalb fordern wir, die Gr\u00fcnen im BA 3, das Mobilit\u00e4tsreferat auf, hier Stellpl\u00e4tze zu schaffen. <a href=\"https:\/\/risi.muenchen.de\/risi\/dokument\/v\/7641499\">H<\/a><a href=\"https:\/\/risi.muenchen.de\/risi\/dokument\/v\/7557981\" target=\"_blank\" rel=\"noreferrer noopener\">ier findest du meinen Antrag im Original.<\/a><\/p>\n\n\n\n<div style=\"height:60px\" aria-hidden=\"true\" class=\"wp-block-spacer\"><\/div>\n","protected":false},"excerpt":{"rendered":"<p>Dezember 2022 Fahrradstellpl\u00e4tze f\u00fcr Studierende In der Richard-Wagner-Stra\u00dfe befindet sich die Hochschule f\u00fcr Politik an derTechnischen Universit\u00e4t M\u00fcnchen. Viele Studierende kommen t\u00e4glich mit dem Fahrrad zurHochschule, es gibt allerdings keinerlei [&hellip;]<\/p>\n","protected":false},"author":-1,"featured_media":1036,"comment_status":"closed","ping_status":"open","sticky":false,"template":"","format":"standard","meta":{"footnotes":""},"categories":[15,1],"tags":[11,17,9,16,18],"class_list":["post-1006","post","type-post","status-publish","format-standard","has-post-thumbnail","hentry","category-aktuelles","category-bezirksausschuss","tag-bezirksausschuss","tag-fahrrad","tag-maxvorstadt","tag-mobilitaet","tag-studierende"],"yoast_head":"<!-- This site is optimized with the Yoast SEO plugin v25.7 - https:\/\/yoast.com\/wordpress\/plugins\/seo\/ -->\n<title>Florina Vilgertshofer I Gr\u00fcne Direktkandidatin<\/title>\n<meta name=\"robots\" content=\"index, follow, max-snippet:-1, max-image-preview:large, max-video-preview:-1\" \/>\n<link rel=\"canonical\" href=\"https:\/\/florina-vilgertshofer.de\/?p=1006\" \/>\n<meta property=\"og:locale\" content=\"de_DE\" \/>\n<meta property=\"og:type\" content=\"article\" \/>\n<meta property=\"og:title\" content=\"Florina Vilgertshofer I Gr\u00fcne Direktkandidatin\" \/>\n<meta property=\"og:description\" content=\"Dezember 2022 Fahrradstellpl\u00e4tze f\u00fcr Studierende In der Richard-Wagner-Stra\u00dfe befindet sich die Hochschule f\u00fcr Politik an derTechnischen Universit\u00e4t M\u00fcnchen. Viele Studierende kommen t\u00e4glich mit dem Fahrrad zurHochschule, es gibt allerdings keinerlei [&hellip;]\" \/>\n<meta property=\"og:url\" content=\"https:\/\/florina-vilgertshofer.de\/?p=1006\" \/>\n<meta property=\"og:site_name\" content=\"Florina Vilgertshofer\" \/>\n<meta property=\"article:publisher\" content=\"https:\/\/www.facebook.com\/minny.cooper.9\" \/>\n<meta property=\"article:author\" content=\"https:\/\/www.facebook.com\/minny.cooper.9\" \/>\n<meta property=\"article:published_time\" content=\"2022-12-06T17:14:38+00:00\" \/>\n<meta property=\"article:modified_time\" content=\"2025-08-12T09:04:30+00:00\" \/>\n<meta property=\"og:image\" content=\"http:\/\/florina-vilgertshofer.de\/wp-content\/uploads\/2022\/12\/Fahrradstellplaetze-Studierende-Muenchen-TU-Richard-Wagner-Strasse.jpg\" \/>\n\t<meta property=\"og:image:width\" content=\"414\" \/>\n\t<meta property=\"og:image:height\" content=\"296\" \/>\n\t<meta property=\"og:image:type\" content=\"image\/jpeg\" \/>\n<meta name=\"author\" content=\"admin\" \/>\n<meta name=\"twitter:card\" content=\"summary_large_image\" \/>\n<meta name=\"twitter:label1\" content=\"Verfasst von\" \/>\n\t<meta name=\"twitter:data1\" content=\"\" \/>\n\t<meta name=\"twitter:label2\" content=\"Gesch\u00e4tzte Lesezeit\" \/>\n\t<meta name=\"twitter:data2\" content=\"1\u00a0Minute\" \/>\n<script type=\"application\/ld+json\" class=\"yoast-schema-graph\">{\"@context\":\"https:\/\/schema.org\",\"@graph\":[{\"@type\":\"Article\",\"@id\":\"https:\/\/florina-vilgertshofer.de\/?p=1006#article\",\"isPartOf\":{\"@id\":\"https:\/\/florina-vilgertshofer.de\/?p=1006\"},\"author\":{\"name\":\"admin\",\"@id\":\"https:\/\/florina-vilgertshofer.de\/#\/schema\/person\/c634068ffbadf5345d5be6795bfe2fe7\"},\"headline\":\"Antrag: Fahrradstellpl\u00e4tze f\u00fcr Studierende\",\"datePublished\":\"2022-12-06T17:14:38+00:00\",\"dateModified\":\"2025-08-12T09:04:30+00:00\",\"mainEntityOfPage\":{\"@id\":\"https:\/\/florina-vilgertshofer.de\/?p=1006\"},\"wordCount\":85,\"publisher\":{\"@id\":\"https:\/\/florina-vilgertshofer.de\/#\/schema\/person\/c634068ffbadf5345d5be6795bfe2fe7\"},\"image\":{\"@id\":\"https:\/\/florina-vilgertshofer.de\/?p=1006#primaryimage\"},\"thumbnailUrl\":\"https:\/\/florina-vilgertshofer.de\/wp-content\/uploads\/2022\/12\/Fahrradstellplaetze-Studierende-Muenchen-TU-Richard-Wagner-Strasse.jpg\",\"keywords\":[\"Bezirksausschuss\",\"Fahrrad\",\"Maxvorstadt\",\"Mobilit\u00e4t\",\"Studierende\"],\"articleSection\":[\"Aktuelles\",\"Bezirksausschuss\"],\"inLanguage\":\"de\"},{\"@type\":\"WebPage\",\"@id\":\"https:\/\/florina-vilgertshofer.de\/?p=1006\",\"url\":\"https:\/\/florina-vilgertshofer.de\/?p=1006\",\"name\":\"Florina Vilgertshofer I Gr\u00fcne Direktkandidatin\",\"isPartOf\":{\"@id\":\"https:\/\/florina-vilgertshofer.de\/#website\"},\"primaryImageOfPage\":{\"@id\":\"https:\/\/florina-vilgertshofer.de\/?p=1006#primaryimage\"},\"image\":{\"@id\":\"https:\/\/florina-vilgertshofer.de\/?p=1006#primaryimage\"},\"thumbnailUrl\":\"https:\/\/florina-vilgertshofer.de\/wp-content\/uploads\/2022\/12\/Fahrradstellplaetze-Studierende-Muenchen-TU-Richard-Wagner-Strasse.jpg\",\"datePublished\":\"2022-12-06T17:14:38+00:00\",\"dateModified\":\"2025-08-12T09:04:30+00:00\",\"breadcrumb\":{\"@id\":\"https:\/\/florina-vilgertshofer.de\/?p=1006#breadcrumb\"},\"inLanguage\":\"de\",\"potentialAction\":[{\"@type\":\"ReadAction\",\"target\":[\"https:\/\/florina-vilgertshofer.de\/?p=1006\"]}]},{\"@type\":\"ImageObject\",\"inLanguage\":\"de\",\"@id\":\"https:\/\/florina-vilgertshofer.de\/?p=1006#primaryimage\",\"url\":\"https:\/\/florina-vilgertshofer.de\/wp-content\/uploads\/2022\/12\/Fahrradstellplaetze-Studierende-Muenchen-TU-Richard-Wagner-Strasse.jpg\",\"contentUrl\":\"https:\/\/florina-vilgertshofer.de\/wp-content\/uploads\/2022\/12\/Fahrradstellplaetze-Studierende-Muenchen-TU-Richard-Wagner-Strasse.jpg\",\"width\":414,\"height\":296},{\"@type\":\"BreadcrumbList\",\"@id\":\"https:\/\/florina-vilgertshofer.de\/?p=1006#breadcrumb\",\"itemListElement\":[{\"@type\":\"ListItem\",\"position\":1,\"name\":\"Startseite\",\"item\":\"https:\/\/florina-vilgertshofer.de\/\"},{\"@type\":\"ListItem\",\"position\":2,\"name\":\"Antrag: Fahrradstellpl\u00e4tze f\u00fcr Studierende\"}]},{\"@type\":\"WebSite\",\"@id\":\"https:\/\/florina-vilgertshofer.de\/#website\",\"url\":\"https:\/\/florina-vilgertshofer.de\/\",\"name\":\"Florina Vilgertshofer\",\"description\":\"Bezirksr\u00e4tin I Kulturpolitikerin\",\"publisher\":{\"@id\":\"https:\/\/florina-vilgertshofer.de\/#\/schema\/person\/c634068ffbadf5345d5be6795bfe2fe7\"},\"alternateName\":\"Fina Vilgertshofer\",\"potentialAction\":[{\"@type\":\"SearchAction\",\"target\":{\"@type\":\"EntryPoint\",\"urlTemplate\":\"https:\/\/florina-vilgertshofer.de\/?s={search_term_string}\"},\"query-input\":{\"@type\":\"PropertyValueSpecification\",\"valueRequired\":true,\"valueName\":\"search_term_string\"}}],\"inLanguage\":\"de\"},{\"@type\":[\"Person\",\"Organization\"],\"@id\":\"https:\/\/florina-vilgertshofer.de\/#\/schema\/person\/c634068ffbadf5345d5be6795bfe2fe7\",\"name\":\"admin\",\"image\":{\"@type\":\"ImageObject\",\"inLanguage\":\"de\",\"@id\":\"https:\/\/florina-vilgertshofer.de\/#\/schema\/person\/image\/\",\"url\":\"http:\/\/florina-vilgertshofer.de\/wp-content\/uploads\/2023\/02\/florina-vilgertshofer-gruene-muenchen-schwabing-kandidatin-bezirkstag_breit-scaled.jpg\",\"contentUrl\":\"http:\/\/florina-vilgertshofer.de\/wp-content\/uploads\/2023\/02\/florina-vilgertshofer-gruene-muenchen-schwabing-kandidatin-bezirkstag_breit-scaled.jpg\",\"width\":2560,\"height\":1209,\"caption\":\"admin\"},\"logo\":{\"@id\":\"https:\/\/florina-vilgertshofer.de\/#\/schema\/person\/image\/\"},\"sameAs\":[\"http:\/\/florina-vilgertshofer.de\",\"https:\/\/www.facebook.com\/minny.cooper.9\",\"https:\/\/www.instagram.com\/finafinch\/\",\"https:\/\/www.linkedin.com\/in\/florina-fina-vilgertshofer-a5320093\/\"],\"url\":\"https:\/\/florina-vilgertshofer.de\/?author=1\"}]}<\/script>\n<!-- \/ Yoast SEO plugin. -->","yoast_head_json":{"title":"Florina Vilgertshofer I Gr\u00fcne Direktkandidatin","robots":{"index":"index","follow":"follow","max-snippet":"max-snippet:-1","max-image-preview":"max-image-preview:large","max-video-preview":"max-video-preview:-1"},"canonical":"https:\/\/florina-vilgertshofer.de\/?p=1006","og_locale":"de_DE","og_type":"article","og_title":"Florina Vilgertshofer I Gr\u00fcne Direktkandidatin","og_description":"Dezember 2022 Fahrradstellpl\u00e4tze f\u00fcr Studierende In der Richard-Wagner-Stra\u00dfe befindet sich die Hochschule f\u00fcr Politik an derTechnischen Universit\u00e4t M\u00fcnchen. Viele Studierende kommen t\u00e4glich mit dem Fahrrad zurHochschule, es gibt allerdings keinerlei [&hellip;]","og_url":"https:\/\/florina-vilgertshofer.de\/?p=1006","og_site_name":"Florina Vilgertshofer","article_publisher":"https:\/\/www.facebook.com\/minny.cooper.9","article_author":"https:\/\/www.facebook.com\/minny.cooper.9","article_published_time":"2022-12-06T17:14:38+00:00","article_modified_time":"2025-08-12T09:04:30+00:00","og_image":[{"width":414,"height":296,"url":"http:\/\/florina-vilgertshofer.de\/wp-content\/uploads\/2022\/12\/Fahrradstellplaetze-Studierende-Muenchen-TU-Richard-Wagner-Strasse.jpg","type":"image\/jpeg"}],"author":"admin","twitter_card":"summary_large_image","twitter_misc":{"Verfasst von":false,"Gesch\u00e4tzte Lesezeit":"1\u00a0Minute"},"schema":{"@context":"https:\/\/schema.org","@graph":[{"@type":"Article","@id":"https:\/\/florina-vilgertshofer.de\/?p=1006#article","isPartOf":{"@id":"https:\/\/florina-vilgertshofer.de\/?p=1006"},"author":{"name":"admin","@id":"https:\/\/florina-vilgertshofer.de\/#\/schema\/person\/c634068ffbadf5345d5be6795bfe2fe7"},"headline":"Antrag: Fahrradstellpl\u00e4tze f\u00fcr Studierende","datePublished":"2022-12-06T17:14:38+00:00","dateModified":"2025-08-12T09:04:30+00:00","mainEntityOfPage":{"@id":"https:\/\/florina-vilgertshofer.de\/?p=1006"},"wordCount":85,"publisher":{"@id":"https:\/\/florina-vilgertshofer.de\/#\/schema\/person\/c634068ffbadf5345d5be6795bfe2fe7"},"image":{"@id":"https:\/\/florina-vilgertshofer.de\/?p=1006#primaryimage"},"thumbnailUrl":"https:\/\/florina-vilgertshofer.de\/wp-content\/uploads\/2022\/12\/Fahrradstellplaetze-Studierende-Muenchen-TU-Richard-Wagner-Strasse.jpg","keywords":["Bezirksausschuss","Fahrrad","Maxvorstadt","Mobilit\u00e4t","Studierende"],"articleSection":["Aktuelles","Bezirksausschuss"],"inLanguage":"de"},{"@type":"WebPage","@id":"https:\/\/florina-vilgertshofer.de\/?p=1006","url":"https:\/\/florina-vilgertshofer.de\/?p=1006","name":"Florina Vilgertshofer I Gr\u00fcne Direktkandidatin","isPartOf":{"@id":"https:\/\/florina-vilgertshofer.de\/#website"},"primaryImageOfPage":{"@id":"https:\/\/florina-vilgertshofer.de\/?p=1006#primaryimage"},"image":{"@id":"https:\/\/florina-vilgertshofer.de\/?p=1006#primaryimage"},"thumbnailUrl":"https:\/\/florina-vilgertshofer.de\/wp-content\/uploads\/2022\/12\/Fahrradstellplaetze-Studierende-Muenchen-TU-Richard-Wagner-Strasse.jpg","datePublished":"2022-12-06T17:14:38+00:00","dateModified":"2025-08-12T09:04:30+00:00","breadcrumb":{"@id":"https:\/\/florina-vilgertshofer.de\/?p=1006#breadcrumb"},"inLanguage":"de","potentialAction":[{"@type":"ReadAction","target":["https:\/\/florina-vilgertshofer.de\/?p=1006"]}]},{"@type":"ImageObject","inLanguage":"de","@id":"https:\/\/florina-vilgertshofer.de\/?p=1006#primaryimage","url":"https:\/\/florina-vilgertshofer.de\/wp-content\/uploads\/2022\/12\/Fahrradstellplaetze-Studierende-Muenchen-TU-Richard-Wagner-Strasse.jpg","contentUrl":"https:\/\/florina-vilgertshofer.de\/wp-content\/uploads\/2022\/12\/Fahrradstellplaetze-Studierende-Muenchen-TU-Richard-Wagner-Strasse.jpg","width":414,"height":296},{"@type":"BreadcrumbList","@id":"https:\/\/florina-vilgertshofer.de\/?p=1006#breadcrumb","itemListElement":[{"@type":"ListItem","position":1,"name":"Startseite","item":"https:\/\/florina-vilgertshofer.de\/"},{"@type":"ListItem","position":2,"name":"Antrag: Fahrradstellpl\u00e4tze f\u00fcr Studierende"}]},{"@type":"WebSite","@id":"https:\/\/florina-vilgertshofer.de\/#website","url":"https:\/\/florina-vilgertshofer.de\/","name":"Florina Vilgertshofer","description":"Bezirksr\u00e4tin I Kulturpolitikerin","publisher":{"@id":"https:\/\/florina-vilgertshofer.de\/#\/schema\/person\/c634068ffbadf5345d5be6795bfe2fe7"},"alternateName":"Fina Vilgertshofer","potentialAction":[{"@type":"SearchAction","target":{"@type":"EntryPoint","urlTemplate":"https:\/\/florina-vilgertshofer.de\/?s={search_term_string}"},"query-input":{"@type":"PropertyValueSpecification","valueRequired":true,"valueName":"search_term_string"}}],"inLanguage":"de"},{"@type":["Person","Organization"],"@id":"https:\/\/florina-vilgertshofer.de\/#\/schema\/person\/c634068ffbadf5345d5be6795bfe2fe7","name":"admin","image":{"@type":"ImageObject","inLanguage":"de","@id":"https:\/\/florina-vilgertshofer.de\/#\/schema\/person\/image\/","url":"http:\/\/florina-vilgertshofer.de\/wp-content\/uploads\/2023\/02\/florina-vilgertshofer-gruene-muenchen-schwabing-kandidatin-bezirkstag_breit-scaled.jpg","contentUrl":"http:\/\/florina-vilgertshofer.de\/wp-content\/uploads\/2023\/02\/florina-vilgertshofer-gruene-muenchen-schwabing-kandidatin-bezirkstag_breit-scaled.jpg","width":2560,"height":1209,"caption":"admin"},"logo":{"@id":"https:\/\/florina-vilgertshofer.de\/#\/schema\/person\/image\/"},"sameAs":["http:\/\/florina-vilgertshofer.de","https:\/\/www.facebook.com\/minny.cooper.9","https:\/\/www.instagram.com\/finafinch\/","https:\/\/www.linkedin.com\/in\/florina-fina-vilgertshofer-a5320093\/"],"url":"https:\/\/florina-vilgertshofer.de\/?author=1"}]}},"_links":{"self":[{"href":"https:\/\/florina-vilgertshofer.de\/index.php?rest_route=\/wp\/v2\/posts\/1006","targetHints":{"allow":["GET"]}}],"collection":[{"href":"https:\/\/florina-vilgertshofer.de\/index.php?rest_route=\/wp\/v2\/posts"}],"about":[{"href":"https:\/\/florina-vilgertshofer.de\/index.php?rest_route=\/wp\/v2\/types\/post"}],"author":[{"embeddable":true,"href":"https:\/\/florina-vilgertshofer.de\/index.php?rest_route=\/wp\/v2\/users\/1"}],"replies":[{"embeddable":true,"href":"https:\/\/florina-vilgertshofer.de\/index.php?rest_route=%2Fwp%2Fv2%2Fcomments&post=1006"}],"version-history":[{"count":4,"href":"https:\/\/florina-vilgertshofer.de\/index.php?rest_route=\/wp\/v2\/posts\/1006\/revisions"}],"predecessor-version":[{"id":1046,"href":"https:\/\/florina-vilgertshofer.de\/index.php?rest_route=\/wp\/v2\/posts\/1006\/revisions\/1046"}],"wp:featuredmedia":[{"embeddable":true,"href":"https:\/\/florina-vilgertshofer.de\/index.php?rest_route=\/wp\/v2\/media\/1036"}],"wp:attachment":[{"href":"https:\/\/florina-vilgertshofer.de\/index.php?rest_route=%2Fwp%2Fv2%2Fmedia&parent=1006"}],"wp:term":[{"taxonomy":"category","embeddable":true,"href":"https:\/\/florina-vilgertshofer.de\/index.php?rest_route=%2Fwp%2Fv2%2Fcategories&post=1006"},{"taxonomy":"post_tag","embeddable":true,"href":"https:\/\/florina-vilgertshofer.de\/index.php?rest_route=%2Fwp%2Fv2%2Ftags&post=1006"}],"curies":[{"name":"wp","href":"https:\/\/api.w.org\/{rel}","templated":true}]}}